{"id":994,"date":"2024-11-20T11:52:18","date_gmt":"2024-11-20T10:52:18","guid":{"rendered":"https:\/\/www.abbayedelerins.com\/?p=994"},"modified":"2024-12-21T13:42:36","modified_gmt":"2024-12-21T12:42:36","slug":"31eme-dimanche-b","status":"publish","type":"post","link":"https:\/\/www.abbayedelerins.com\/en\/31eme-dimanche-b\/","title":{"rendered":"31st Sunday B, homily by Brother Marie"},"content":{"rendered":"<p>Mc 12, 28-34 ; Dt 6, 2-6 ; Ps 17 ; He 7, 26-28<\/p>\n<p>Les textes de ce dimanche abordent une grande question, fondamentale dans la vie de tout \u00eatre humain ; la question de l\u2019amour. L\u2019amour qui peut \u00eatre si mal compris ou interpr\u00e9t\u00e9, qui peut-\u00eatre aussi d\u00e9voy\u00e9.<br \/>\nL\u2019amour dont veut nous parler J\u00e9sus n\u2019est pas une id\u00e9e modelable au gr\u00e9s des tendances, l\u2019amour dont veut nous parler J\u00e9sus n\u2019est pas non plus une doctrine. L\u2019amour dont nous parle J\u00e9sus est avant tout une pr\u00e9sence, une pr\u00e9sence qui se manifeste et qui se donne. C\u2019est bien pour cela, comme nous le dit la lettre aux H\u00e9breux, que J\u00e9sus est le grand pr\u00eatre qu\u2019il nous fallait, car il s\u2019est offert lui-m\u00eame pour nous, une fois pour toute. Ce n\u2019est pas nous qui avons aim\u00e9 Dieu, mais c\u2019est lui qui nous a aim\u00e9s le premier.<br \/>\nDieu est vie et l\u2019essence de la vie est l\u2019amour qui se donne. Et cependant l\u2019amour s\u2019enseigne, et c\u2019est bien ce que fait le Christ J\u00e9sus \u00e0 travers sa parole, par ses gestes, par sa vie.<br \/>\nLorsqu\u2019un scribe demande \u00e0 J\u00e9sus quel est le premier de tous les commandements, J\u00e9sus lui r\u00e9pond par les premiers termes de l\u2019Alliance : Ecoute Isra\u00ebl. Ecoute l\u2019enseignement que te prodigue l\u2019amour divin afin de vivre heureux sur la terre, heureux avec ton Dieu, heureux avec tes fr\u00e8res et s\u0153urs en humanit\u00e9. La r\u00e8gle des moines qui se veut une mise en \u0153uvre de l\u2019amour divin dans une \u00e9cole de charit\u00e9 commence ainsi : Ecoute, tends l\u2019oreille de ton c\u0153ur aux enseignements d\u2019un P\u00e8re si aimant. Oui, l\u2019amour divin et l\u2019amour fraternel s\u2019apprend. D\u2019o\u00f9 l\u2019importance de sonder les Ecritures, de se nourrir des enseignements divins comme une nourriture qui nous donne le d\u00e9sir et l\u2019\u00e9nergie d\u2019agir, car comme le dit si bien la lettre de Jacques : Mettez la Parole en pratique, ne vous contentez pas de l\u2019\u00e9couter : ce serait vous faire illusion, car la parole agit comme un miroir \u00e0 travers lequel nous pouvons contempler ce \u00e0 quoi nous devons ressembler. Ce \u00e0 quoi nous devons tendre. Ce n\u2019est pas une image factice embellie par Photoshop, mais une image r\u00e9v\u00e9latrice du labeur de la parole de v\u00e9rit\u00e9 et de vie en nous.<br \/>\nComme le dit si bien St Bernard : \u00ab En se donnant Dieu se r\u00e9v\u00e8le et en se r\u00e9v\u00e9lant il se donne \u00bb et l\u2019acte de cet amour, c\u2019est que Dieu a voulu dans la chair se faire voir dans tout ce qu\u2019il est, se faire conna\u00eetre et se communiquer. Il a voulu se lier amiti\u00e9 avec le genre humain. Il a voulu se r\u00e9v\u00e9ler ainsi, en portant sur lui notre \u00e9paisseur humaine, en sorte que la parole du Christ, qui est puissance et sagesse de Dieu, soit pour nous force de salut. Le Christ \u00e9poux comme le bien-aim\u00e9 du Cantique des cantiques s\u2019est laiss\u00e9 blesser d\u2019amour par l\u2019\u0153uvre que nous sommes, aussi, comme le commente si bien Orig\u00e8ne : \u00ab Il convient que Dieu frappe nos \u00e2mes d\u2019une telle blessure de charit\u00e9, blessure salutaire, afin que nous puissions dire nous aussi, puisque Dieu est charit\u00e9 ; \u00ab Je suis bless\u00e9 de charit\u00e9 \u00bb . Sans cette blessure il nous est bien difficile de nous laisser transformer par la gr\u00e2ce.<br \/>\nL\u2019amour de Dieu est lumi\u00e8re pour nos pas de vie. Aussi la premi\u00e8re lettre de Jean nous dit : Celui qui d\u00e9clare \u00eatre dans la lumi\u00e8re et qui a de la haine contre son fr\u00e8re est dans les t\u00e9n\u00e8bres jusqu\u2019\u00e0 maintenant. Celui qui aime son fr\u00e8re demeure dans la lumi\u00e8re, et il n\u2019y a en lui aucune occasion de chute. Mais celui qui a de la haine contre son fr\u00e8re marche dans les t\u00e9n\u00e8bres sans savoir o\u00f9 il va, parce que les t\u00e9n\u00e8bres ont aveugl\u00e9 ses yeux. Les actualit\u00e9s avec leurs mille violences, les injustices, les indiff\u00e9rences, les d\u00e9rives narcissiques, nous abreuvent de cette haine aveuglante.<br \/>\nAimer Dieu et son prochain, comme le Christ a aim\u00e9, c\u2019est manifester cette force de salut en nous, la manifester en nous rendant pr\u00e9sent \u00e0 Dieu et pr\u00e9sent \u00e0 l\u2019autre.<br \/>\nUne pr\u00e9sence, selon ses diff\u00e9rents modes, une pr\u00e9sence qui sait se faire proximit\u00e9 de vie, de reconnaissance, par la pri\u00e8re, par des petits gestes ou par des actes g\u00e9n\u00e9reux, par le souci du bien commun. Oui, l\u2019amour de Dieu a \u00e9t\u00e9 r\u00e9pandu dans nos c\u0153urs par l\u2019Esprit Saint qui nous a \u00e9t\u00e9 donn\u00e9. Cet Esprit Saint qui nous enseigne le Christ.<br \/>\nLaissons le Christ habiter nos c\u0153urs pour en manifester la pr\u00e9sence.<\/p>\n<p>&nbsp;<\/p>","protected":false},"excerpt":{"rendered":"<p>Mc 12, 28-34 ; Dt 6, 2-6 ; Ps 17 ; He 7, 26-28 Les textes de ce dimanche abordent une grande question, fondamentale dans la vie de tout \u00eatre humain ; la question de l\u2019amour. L\u2019amour qui peut \u00eatre si mal compris ou interpr\u00e9t\u00e9, qui peut-\u00eatre aussi d\u00e9voy\u00e9. L\u2019amour dont veut nous parler J\u00e9sus [&hellip;]<\/p>","protected":false},"author":3,"featured_media":3488,"comment_status":"closed","ping_status":"closed","sticky":false,"template":"","format":"standard","meta":{"_acf_changed":false,"_seopress_robots_primary_cat":"none","_seopress_titles_title":"","_seopress_titles_desc":"","_seopress_robots_index":"","footnotes":""},"categories":[6,5],"tags":[],"class_list":["post-994","post","type-post","status-publish","format-standard","has-post-thumbnail","hentry","category-fetes-et-dimanches","category-homelie"],"acf":[],"_links":{"self":[{"href":"https:\/\/www.abbayedelerins.com\/en\/wp-json\/wp\/v2\/posts\/994","targetHints":{"allow":["GET"]}}],"collection":[{"href":"https:\/\/www.abbayedelerins.com\/en\/wp-json\/wp\/v2\/posts"}],"about":[{"href":"https:\/\/www.abbayedelerins.com\/en\/wp-json\/wp\/v2\/types\/post"}],"author":[{"embeddable":true,"href":"https:\/\/www.abbayedelerins.com\/en\/wp-json\/wp\/v2\/users\/3"}],"replies":[{"embeddable":true,"href":"https:\/\/www.abbayedelerins.com\/en\/wp-json\/wp\/v2\/comments?post=994"}],"version-history":[{"count":1,"href":"https:\/\/www.abbayedelerins.com\/en\/wp-json\/wp\/v2\/posts\/994\/revisions"}],"predecessor-version":[{"id":995,"href":"https:\/\/www.abbayedelerins.com\/en\/wp-json\/wp\/v2\/posts\/994\/revisions\/995"}],"wp:featuredmedia":[{"embeddable":true,"href":"https:\/\/www.abbayedelerins.com\/en\/wp-json\/wp\/v2\/media\/3488"}],"wp:attachment":[{"href":"https:\/\/www.abbayedelerins.com\/en\/wp-json\/wp\/v2\/media?parent=994"}],"wp:term":[{"taxonomy":"category","embeddable":true,"href":"https:\/\/www.abbayedelerins.com\/en\/wp-json\/wp\/v2\/categories?post=994"},{"taxonomy":"post_tag","embeddable":true,"href":"https:\/\/www.abbayedelerins.com\/en\/wp-json\/wp\/v2\/tags?post=994"}],"curies":[{"name":"wp","href":"https:\/\/api.w.org\/{rel}","templated":true}]}}