{"id":861,"date":"2024-11-20T09:33:40","date_gmt":"2024-11-20T08:33:40","guid":{"rendered":"https:\/\/www.abbayedelerins.com\/?p=861"},"modified":"2024-11-20T09:33:40","modified_gmt":"2024-11-20T08:33:40","slug":"fermeture-des-visites-de-la-tour-monastere","status":"publish","type":"post","link":"https:\/\/www.abbayedelerins.com\/en\/fermeture-des-visites-de-la-tour-monastere\/","title":{"rendered":"Fermeture des visites de la Tour-Monast\u00e8re"},"content":{"rendered":"<p>La communaut\u00e9 monastique de l&rsquo;<a href=\"https:\/\/smilo-program.us20.list-manage.com\/track\/click?u=d394954626ce67497a14581f1&amp;id=f2a5d7f971&amp;e=0fb5d4e6b4\" target=\"_blank\" rel=\"noopener\">Abbaye De L\u00e9rins<\/a>, la <a href=\"https:\/\/smilo-program.us20.list-manage.com\/track\/click?u=d394954626ce67497a14581f1&amp;id=fde9739a72&amp;e=0fb5d4e6b4\" target=\"_blank\" rel=\"noopener\">Ville de Cannes<\/a>, le <a href=\"https:\/\/smilo-program.us20.list-manage.com\/track\/click?u=d394954626ce67497a14581f1&amp;id=46b5ec036a&amp;e=0fb5d4e6b4\" target=\"_blank\" rel=\"noopener\">CPIE des Iles de L\u00e9rins et Pays d&rsquo;Azur<\/a> et le Premier Prud&rsquo;homme de p\u00eache vous feront d\u00e9couvrir dans une courte vid\u00e9o les enjeux de pr\u00e9servation de l\u2019espace marin des \u00eeles de L\u00e9rins, leur engagement durable, et l&rsquo;accompagnement que SMILO s&rsquo;est engag\u00e9 \u00e0 apporter. Merci \u00e0 tous, en particulier \u00e0 l\u2019\u00e9quipe de <a href=\"https:\/\/smilo-program.us20.list-manage.com\/track\/click?u=d394954626ce67497a14581f1&amp;id=c198380832&amp;e=0fb5d4e6b4\" target=\"_blank\" rel=\"noopener\">Horue Movie Production<\/a>, et \u00e0 <a href=\"https:\/\/smilo-program.us20.list-manage.com\/track\/click?u=d394954626ce67497a14581f1&amp;id=50a5133ced&amp;e=0fb5d4e6b4\" target=\"_blank\" rel=\"noopener\">l&rsquo;Association pour la P\u00eache et les Activit\u00e9s (APAM)<\/a>.<\/p>\n<p><img alt=\"\" loading=\"lazy\" decoding=\"async\" class=\"alignnone size-medium wp-image-864\" src=\"https:\/\/www.abbayedelerins.com\/wp-content\/uploads\/2024\/11\/affiche_tour-monastere_fermee_V2-300x212.jpg\" width=\"300\" height=\"212\" srcset=\"https:\/\/www.abbayedelerins.com\/wp-content\/uploads\/2024\/11\/affiche_tour-monastere_fermee_V2-300x212.jpg 300w, https:\/\/www.abbayedelerins.com\/wp-content\/uploads\/2024\/11\/affiche_tour-monastere_fermee_V2-1024x724.jpg 1024w, https:\/\/www.abbayedelerins.com\/wp-content\/uploads\/2024\/11\/affiche_tour-monastere_fermee_V2-768x543.jpg 768w, https:\/\/www.abbayedelerins.com\/wp-content\/uploads\/2024\/11\/affiche_tour-monastere_fermee_V2.jpg 1512w\" sizes=\"auto, (max-width: 300px) 100vw, 300px\" \/><\/p>\n<p><strong>SMILO<\/strong><br \/>\nSmall Islands Organisation<br \/>\nUN PROGRAMME DE COOP\u00c9RATION<br \/>\nPOUR ACCOMPAGNER LES PETITES \u00ceLES VERS UNE GESTION DURABLE<\/p>","protected":false},"excerpt":{"rendered":"<p>La communaut\u00e9 monastique de l&rsquo;Abbaye De L\u00e9rins, la Ville de Cannes, le CPIE des Iles de L\u00e9rins et Pays d&rsquo;Azur et le Premier Prud&rsquo;homme de p\u00eache vous feront d\u00e9couvrir dans une courte vid\u00e9o les enjeux de pr\u00e9servation de l\u2019espace marin des \u00eeles de L\u00e9rins, leur engagement durable, et l&rsquo;accompagnement que SMILO s&rsquo;est engag\u00e9 \u00e0 apporter. [&hellip;]<\/p>","protected":false},"author":3,"featured_media":864,"comment_status":"closed","ping_status":"closed","sticky":false,"template":"","format":"standard","meta":{"_acf_changed":false,"_seopress_robots_primary_cat":"none","_seopress_titles_title":"","_seopress_titles_desc":"","_seopress_robots_index":"","footnotes":""},"categories":[4],"tags":[],"class_list":["post-861","post","type-post","status-publish","format-standard","has-post-thumbnail","hentry","category-actualite"],"acf":[],"_links":{"self":[{"href":"https:\/\/www.abbayedelerins.com\/en\/wp-json\/wp\/v2\/posts\/861","targetHints":{"allow":["GET"]}}],"collection":[{"href":"https:\/\/www.abbayedelerins.com\/en\/wp-json\/wp\/v2\/posts"}],"about":[{"href":"https:\/\/www.abbayedelerins.com\/en\/wp-json\/wp\/v2\/types\/post"}],"author":[{"embeddable":true,"href":"https:\/\/www.abbayedelerins.com\/en\/wp-json\/wp\/v2\/users\/3"}],"replies":[{"embeddable":true,"href":"https:\/\/www.abbayedelerins.com\/en\/wp-json\/wp\/v2\/comments?post=861"}],"version-history":[{"count":1,"href":"https:\/\/www.abbayedelerins.com\/en\/wp-json\/wp\/v2\/posts\/861\/revisions"}],"predecessor-version":[{"id":865,"href":"https:\/\/www.abbayedelerins.com\/en\/wp-json\/wp\/v2\/posts\/861\/revisions\/865"}],"wp:featuredmedia":[{"embeddable":true,"href":"https:\/\/www.abbayedelerins.com\/en\/wp-json\/wp\/v2\/media\/864"}],"wp:attachment":[{"href":"https:\/\/www.abbayedelerins.com\/en\/wp-json\/wp\/v2\/media?parent=861"}],"wp:term":[{"taxonomy":"category","embeddable":true,"href":"https:\/\/www.abbayedelerins.com\/en\/wp-json\/wp\/v2\/categories?post=861"},{"taxonomy":"post_tag","embeddable":true,"href":"https:\/\/www.abbayedelerins.com\/en\/wp-json\/wp\/v2\/tags?post=861"}],"curies":[{"name":"wp","href":"https:\/\/api.w.org\/{rel}","templated":true}]}}