{"id":7366,"date":"2025-04-14T08:31:10","date_gmt":"2025-04-14T06:31:10","guid":{"rendered":"https:\/\/www.abbayedelerins.com\/?p=7366"},"modified":"2025-04-14T08:31:10","modified_gmt":"2025-04-14T06:31:10","slug":"dimanche-des-rameaux","status":"publish","type":"post","link":"https:\/\/www.abbayedelerins.com\/en\/dimanche-des-rameaux\/","title":{"rendered":"Dimanche des Rameaux"},"content":{"rendered":"<p>\u00ab P\u00e8re entre tes mains, je remets mon esprit \u00bb.<br \/>\nDear Brothers and Sisters,<br \/>\n\u00c0 3 reprises dans le r\u00e9cit de la Passion que fait Luc, J\u00e9sus, le Sauveur, prie en appelant son P\u00e8re dans un grand cri. Cette derni\u00e8re pri\u00e8re qui reprend un verset de psaume, ce sont les derniers mots du Fils Bien Aim\u00e9, juste avant de mourir. Dans la tradition juive, citer un verset de psaume renvoie au psaume tout entier. Ce cri de J\u00e9sus est donc \u00e0 la fois celui d\u2019un homme plong\u00e9 dans la souffrance comme nous entendons le psalmiste le dire : \u00ab Prends piti\u00e9 de moi, Seigneur, je suis en d\u00e9tresse, la douleur me ronge les yeux, la gorge et les entrailles \u00bb et en m\u00eame temps un chant de confiance, voir d\u2019esp\u00e9rance. \u00ab Moi, je suis s\u00fbr de toi Seigneur, je dis tu es mon Dieu \u00bb. C\u2019est ce que le Christ a v\u00e9cu dans sa passion que ce psaume \u00e9voquait de mani\u00e8re proph\u00e9tique et c\u2019est ce que nous sommes invit\u00e9s \u00e0 m\u00e9diter en ces jours depuis la trahison de Judas l\u2019un des douze jusqu\u2019\u00e0 la mise au tombeau d\u2019o\u00f9 jaillira la vie, la vie v\u00e9ritable. Et cette derni\u00e8re pri\u00e8re du Christ nous invite \u00e0 l\u2019esp\u00e9rance.<br \/>\n\u00ab P\u00e8re entre tes mains, je remets mon esprit \u00bb.<br \/>\nCe cri de J\u00e9sus vers son P\u00e8re, ne peut se comprendre sans les deux autres qui l\u2019ont pr\u00e9c\u00e9d\u00e9.<br \/>\n\u00ab P\u00e8re, si tu le veux, \u00e9loigne de moi cette coupe ; cependant, que soit faite non pas ma volont\u00e9, mais la tienne \u00bb. Dans cette pri\u00e8re, toutes nos souffrances et nos d\u00e9chirements int\u00e9rieurs er ceux de tous les hommes sont comme r\u00e9capitul\u00e9s. C\u2019est dans la communion avec la volont\u00e9 de salut du P\u00e8re qui est aussi la sienne que le Sauveur nous invite \u00e0 entrer. Et ce qui nous semblait jusqu\u2019alors insupportable, impossible peut devenir chemin de salut.<br \/>\n\u00ab P\u00e8re, pardonne-leur : ils ne savent pas ce qu\u2019ils font \u00bb. Rien ne peut mieux exprimer que ces mots ce que le Christ est venu nous r\u00e9v\u00e9ler sur la Croix. \u00ab Dieu veut que tous les hommes soient sauv\u00e9s et parviennent \u00e0 la connaissance de la v\u00e9rit\u00e9 \u00bb. Il n\u2019y a pas de limite \u00e0 l\u2019offre inconditionnelle du pardon par le p\u00e8re sinon celle de notre accueil. C\u2019est ainsi que nous contemplons la Croix, que nous pouvons nous la repr\u00e9senter non seulement comme un instrument de torture mais d\u2019abord comme le signe de la vie qui se fraie un chemin \u00e0 travers la violence et la mort. C\u2019est de la Croix que jaillit notre esp\u00e9rance.<br \/>\n\u00ab P\u00e8re entre tes mains, je remets mon esprit \u00bb.<br \/>\nCes 3 pri\u00e8res du Christ, ne sont pas que des mots qui nous viennent du pass\u00e9. Elles nous sont offertes aujourd\u2019hui pour que nous les fassions n\u00f4tres pour parvenir \u00e0 l\u2019esp\u00e9rance que nous offre le Christ. C\u2019est ce que Luc lui-m\u00eame signifie en remettant presque les m\u00eames mots sur les l\u00e8vres d\u2019Etienne le premier des martyrs au moment de sa mort mais adress\u00e9s au Christ, notre Grand Dieu et Sauveur : \u00ab \u00c9tienne, pendant qu\u2019on le lapidait, priait ainsi : \u00ab Seigneur J\u00e9sus, re\u00e7ois mon esprit. \u00bb Puis, se mettant \u00e0 genoux, il s\u2019\u00e9cria d\u2019une voix forte : \u00ab Seigneur, ne leur compte pas ce p\u00e9ch\u00e9. \u00bb Et, apr\u00e8s cette parole, il s\u2019endormit dans la mort \u00bb. Ces paroles sont pour nous comme un sacrement et un exemple, pri\u00e8re du Christ total que nous les membres faisons au Christ qui est la t\u00eate et que le Christ adresse au P\u00e8re, pri\u00e8re du Christ total qui nous permet de demeurer fermes dans l\u2019esp\u00e9rance.<br \/>\nFaisons n\u00f4tres ces pri\u00e8res pendant ces jours pour que celle-ci ne faiblisse pas et pour que la paix donn\u00e9e par le Christ demeure en nos c\u0153urs et entre nous.<\/p>\n<p>P. Abbot Vladimir<\/p>","protected":false},"excerpt":{"rendered":"<p>\u00ab P\u00e8re entre tes mains, je remets mon esprit \u00bb. Chers Fr\u00e8res et S\u0153urs, \u00c0 3 reprises dans le r\u00e9cit de la Passion que fait Luc, J\u00e9sus, le Sauveur, prie en appelant son P\u00e8re dans un grand cri. Cette derni\u00e8re pri\u00e8re qui reprend un verset de psaume, ce sont les derniers mots du Fils Bien [&hellip;]<\/p>","protected":false},"author":4,"featured_media":3488,"comment_status":"closed","ping_status":"closed","sticky":false,"template":"","format":"standard","meta":{"_acf_changed":false,"_seopress_robots_primary_cat":"none","_seopress_titles_title":"","_seopress_titles_desc":"","_seopress_robots_index":"","footnotes":""},"categories":[4,5],"tags":[],"class_list":["post-7366","post","type-post","status-publish","format-standard","has-post-thumbnail","hentry","category-actualite","category-homelie"],"acf":[],"_links":{"self":[{"href":"https:\/\/www.abbayedelerins.com\/en\/wp-json\/wp\/v2\/posts\/7366","targetHints":{"allow":["GET"]}}],"collection":[{"href":"https:\/\/www.abbayedelerins.com\/en\/wp-json\/wp\/v2\/posts"}],"about":[{"href":"https:\/\/www.abbayedelerins.com\/en\/wp-json\/wp\/v2\/types\/post"}],"author":[{"embeddable":true,"href":"https:\/\/www.abbayedelerins.com\/en\/wp-json\/wp\/v2\/users\/4"}],"replies":[{"embeddable":true,"href":"https:\/\/www.abbayedelerins.com\/en\/wp-json\/wp\/v2\/comments?post=7366"}],"version-history":[{"count":1,"href":"https:\/\/www.abbayedelerins.com\/en\/wp-json\/wp\/v2\/posts\/7366\/revisions"}],"predecessor-version":[{"id":7367,"href":"https:\/\/www.abbayedelerins.com\/en\/wp-json\/wp\/v2\/posts\/7366\/revisions\/7367"}],"wp:featuredmedia":[{"embeddable":true,"href":"https:\/\/www.abbayedelerins.com\/en\/wp-json\/wp\/v2\/media\/3488"}],"wp:attachment":[{"href":"https:\/\/www.abbayedelerins.com\/en\/wp-json\/wp\/v2\/media?parent=7366"}],"wp:term":[{"taxonomy":"category","embeddable":true,"href":"https:\/\/www.abbayedelerins.com\/en\/wp-json\/wp\/v2\/categories?post=7366"},{"taxonomy":"post_tag","embeddable":true,"href":"https:\/\/www.abbayedelerins.com\/en\/wp-json\/wp\/v2\/tags?post=7366"}],"curies":[{"name":"wp","href":"https:\/\/api.w.org\/{rel}","templated":true}]}}