{"id":6118,"date":"2025-03-25T16:07:44","date_gmt":"2025-03-25T15:07:44","guid":{"rendered":"https:\/\/www.abbayedelerins.com\/?p=6118"},"modified":"2025-03-25T16:07:44","modified_gmt":"2025-03-25T15:07:44","slug":"lannonciation-a-marie","status":"publish","type":"post","link":"https:\/\/www.abbayedelerins.com\/en\/lannonciation-a-marie\/","title":{"rendered":"L&rsquo;Annonciation \u00e0 Marie"},"content":{"rendered":"<p>Aujourd\u2019hui par la salutation de l\u2019Ange \u00e0 Marie, c\u2019est un monde nouveau qui fait irruption dans la vie de Marie, et par elle dans la vie de l\u2019humanit\u00e9 : \u00ab R\u00e9jouis-toi, combl\u00e9e de gr\u00e2ce, le Seigneur est avec toi. \u00bb A travers cet invitation \u00e0 la joie profonde, qui sonne comme une b\u00e9n\u00e9diction, nous entendons les pas de celui qui vient pour combler le monde de sa paix, de sa justice, de son amour et de sa vie.<br \/>\nNous comprenons que si cette salutation est port\u00e9e par un Ange, elle ne vient pas par les milles bruits ou rumeurs de ce monde. Cette salutation r\u00e9sonne dans un espace de silence, d\u2019\u00e9coute attentive, elle r\u00e9sonne dans un c\u0153ur \u00e9veill\u00e9, un c\u0153ur qui esp\u00e8re, un c\u0153ur qui d\u00e9sire. Cette salutation r\u00e9sonne dans un c\u0153ur qui croit que tout est encore possible et que la promesse de Dieu est ind\u00e9fectible, car le c\u0153ur de Dieu est pour ce monde qu\u2019il a lui-m\u00eame cr\u00e9\u00e9.<br \/>\nCelui qui vient, qui s\u2019approche et qui se tient l\u00e0, \u00e0 la porte et qui frappe, est le Prince de la Paix , le fils du Tr\u00e8s-Haut, celui qui gouverne l\u2019univers avec douceur. La paix de ce Prince n\u2019est pas celle du monde, \u00e9quilibre de compromis, toujours fragile et pas toujours juste. La paix de ce Prince d\u00e9signe une pl\u00e9nitude de vie, une pl\u00e9nitude d\u2019amour, une pl\u00e9nitude de communion. Il vient pour recr\u00e9er du lien, pour r\u00e9concilier ce qui est fractur\u00e9, divis\u00e9, en premier lieu le lien entre la terre et le Ciel, entre le c\u0153ur de l\u2019homme et le c\u0153ur de Dieu.<br \/>\n\u00ab R\u00e9jouis-toi, combl\u00e9e de gr\u00e2ce, le Seigneur est avec toi. \u00bb Voici que le Prince de la paix, le Fils du Tr\u00e8s-Haut se pr\u00e9sente \u00e0 la porte de notre monde : \u00ab Voici que je me tiens \u00e0 la porte et je frappe. Si quelqu\u2019un entend ma voix et ouvre la porte, j\u2019entrerai chez lui et je partagerai ma table avec lui et lui avec moi. \u00bb Marie a entendu, elle cherche \u00e0 mieux comprendre ce qui lui est demand\u00e9, mais elle ne se d\u00e9robe pas, elle ouvre la porte.<br \/>\nLe Prince de la paix, le Fils du Tr\u00e8s-Haut toque aussi \u00e0 nos portes, il est \u00e0 l\u2019\u00e9coute et il se penche sur notre humanit\u00e9 humili\u00e9e, humili\u00e9e par ses esclavages, par ses peurs. Il se penche sur notre humanit\u00e9 humili\u00e9e par ses propres violences et par ses haines, humanit\u00e9 humili\u00e9e par ses d\u00e9sirs qui ne trouvent pas leur pleine satisfaction, leur pl\u00e9nitude r\u00eav\u00e9e, notre humanit\u00e9 humili\u00e9e par la mort.<br \/>\nLe Prince de la Paix est le Pain de vie, il est pasteur et nourriture, il est homme et Dieu.<br \/>\nIl se donne lui-m\u00eame en partage pour nous faire retrouver le go\u00fbt de la communion et le souci d\u2019une humaine fraternit\u00e9. Christ se donne en partage pour nous d\u00e9livrer de notre individualisme ali\u00e9nant, pour nous donner les capacit\u00e9s de devenir acteurs de ce monde nouveau qu\u2019il inaugure en son humanit\u00e9 glorifi\u00e9e, lui qui a assum\u00e9 notre mort pour vaincre l\u2019empire de la mort.<br \/>\n\u00ab Comment cela va-t-il se faire, puisque je suis vierge ? \u00bb dit Marie, \u00ab L\u2019Esprit Saint viendra sur toi \u2013 lui dit l\u2019Ange \u2013 La puissance du Tr\u00e8s-Haut te couvrira de son ombre. \u00bb. Oui, Marie est vierge non seulement de corps, mais surtout de c\u0153ur, elle n\u2019est pas mue par l\u2019emprise de nos peurs. L\u2019Esprit Saint en elle lui fait transcender ses peurs, son c\u0153ur accueille ce que l\u2019homme ne peut concevoir, elle cro\u00eet profond\u00e9ment en la parole de Dieu qui avait promis et qui maintenant r\u00e9alise. Le Oui de Marie ouvre la porte au \u2018Oui\u2019 du Prince de la Paix, \u00e0 sa venue dans le sein de Marie et dans ce monde. Le Oui de Marie et le Oui du Prince de la paix rendent notre Oui possible \u00e0 l\u2019irruption de la vie de Dieu en nos vies. En recevant en elle le germe qui deviendra le pain de nos vies, Marie ouvre la route \u00e0 l\u2019humanit\u00e9 sous la guidance du Pasteur de nos \u00e2mes. Ecoutons la voix du Prince de la Paix et partageons son \u0153uvre de Paix, afin d\u2019\u00eatre appel\u00e9s fils du Tr\u00e8s-Haut, et par l\u2019intercession de Marie, ouvrons nos c\u0153urs \u00e0 la capacit\u00e9 d\u2019aimer en v\u00e9rit\u00e9 l\u2019\u0153uvre de Dieu en ce monde.<\/p>\n<p>Brother Marie<\/p>","protected":false},"excerpt":{"rendered":"<p>Aujourd\u2019hui par la salutation de l\u2019Ange \u00e0 Marie, c\u2019est un monde nouveau qui fait irruption dans la vie de Marie, et par elle dans la vie de l\u2019humanit\u00e9 : \u00ab R\u00e9jouis-toi, combl\u00e9e de gr\u00e2ce, le Seigneur est avec toi. \u00bb A travers cet invitation \u00e0 la joie profonde, qui sonne comme une b\u00e9n\u00e9diction, nous entendons [&hellip;]<\/p>","protected":false},"author":4,"featured_media":3488,"comment_status":"closed","ping_status":"closed","sticky":false,"template":"","format":"standard","meta":{"_acf_changed":false,"_seopress_robots_primary_cat":"none","_seopress_titles_title":"","_seopress_titles_desc":"","_seopress_robots_index":"","footnotes":""},"categories":[6,5],"tags":[],"class_list":["post-6118","post","type-post","status-publish","format-standard","has-post-thumbnail","hentry","category-fetes-et-dimanches","category-homelie"],"acf":[],"_links":{"self":[{"href":"https:\/\/www.abbayedelerins.com\/en\/wp-json\/wp\/v2\/posts\/6118","targetHints":{"allow":["GET"]}}],"collection":[{"href":"https:\/\/www.abbayedelerins.com\/en\/wp-json\/wp\/v2\/posts"}],"about":[{"href":"https:\/\/www.abbayedelerins.com\/en\/wp-json\/wp\/v2\/types\/post"}],"author":[{"embeddable":true,"href":"https:\/\/www.abbayedelerins.com\/en\/wp-json\/wp\/v2\/users\/4"}],"replies":[{"embeddable":true,"href":"https:\/\/www.abbayedelerins.com\/en\/wp-json\/wp\/v2\/comments?post=6118"}],"version-history":[{"count":1,"href":"https:\/\/www.abbayedelerins.com\/en\/wp-json\/wp\/v2\/posts\/6118\/revisions"}],"predecessor-version":[{"id":6119,"href":"https:\/\/www.abbayedelerins.com\/en\/wp-json\/wp\/v2\/posts\/6118\/revisions\/6119"}],"wp:featuredmedia":[{"embeddable":true,"href":"https:\/\/www.abbayedelerins.com\/en\/wp-json\/wp\/v2\/media\/3488"}],"wp:attachment":[{"href":"https:\/\/www.abbayedelerins.com\/en\/wp-json\/wp\/v2\/media?parent=6118"}],"wp:term":[{"taxonomy":"category","embeddable":true,"href":"https:\/\/www.abbayedelerins.com\/en\/wp-json\/wp\/v2\/categories?post=6118"},{"taxonomy":"post_tag","embeddable":true,"href":"https:\/\/www.abbayedelerins.com\/en\/wp-json\/wp\/v2\/tags?post=6118"}],"curies":[{"name":"wp","href":"https:\/\/api.w.org\/{rel}","templated":true}]}}