{"id":5667,"date":"2025-03-05T20:40:54","date_gmt":"2025-03-05T19:40:54","guid":{"rendered":"https:\/\/www.abbayedelerins.com\/?p=5667"},"modified":"2025-03-05T20:40:54","modified_gmt":"2025-03-05T19:40:54","slug":"mercredi-des-cendres","status":"publish","type":"post","link":"https:\/\/www.abbayedelerins.com\/en\/mercredi-des-cendres\/","title":{"rendered":"Mercredi des Cendres"},"content":{"rendered":"<p>Dear Brothers and Sisters,<\/p>\n<p>On ne peut bien comprendre le passage de l\u2019\u00c9vangile que nous venons d\u2019entendre et que l\u2019\u00c9glise nous donne pour prier en ce d\u00e9but de car\u00eame que si l\u2019on se rappelle qu\u2019au beau milieu de ce texte le Christ donne, r\u00e9v\u00e8le \u00e0 ses disciples la pri\u00e8re des fils, le Notre P\u00e8re. Ce P\u00e8re qui voit dans le secret, Celui qui sait ce dont nous avons besoin avant que nous lui demandions, Celui qui est pr\u00e9sent au plus secret et toujours pr\u00eat \u00e0 rendre est Celui auquel nous nous adressons en disant Notre P\u00e8re. Nous ne devenons pas justes par nos actes mais par la foi, la confiance, l\u2019amour et l\u2019esp\u00e9rance qui nous lient \u00e0 ce P\u00e8re c\u00e9leste, Lui qui fait de nous des fils, des fr\u00e8res et des s\u0153urs. Aum\u00f4ne, pri\u00e8re et jeune ne sont que des moyens pour cela et nous sommes invit\u00e9s \u00e0 les accomplir dans le secret mais non pas seuls, dans le secret de l\u2019humilit\u00e9 qui paradoxalement nous unit \u00e0 tous les hommes. Ces trois moyens traditionnels tracent comme un chemin d\u2019esp\u00e9rance vers le P\u00e8re et vers nos fr\u00e8res et s\u0153urs les plus simples et les plus d\u00e9munis. Ils sont l\u00e0 \u00e0 notre disposition pour nous lib\u00e9rer de la peur et du p\u00e9ch\u00e9.<br \/>\nPlus de go\u00fbt amer en nous, plus de go\u00fbt de poussi\u00e8re dans tout, plus de col\u00e8re qui nous suit partout. Le chemin de car\u00eame est un chemin de joie car il est un chemin d\u2019esp\u00e9rance et de libert\u00e9. Le voici maintenant le temps, favorable, le voici maintenant le jour du salut. Nous sommes appel\u00e9s \u00e0 devenir justes de la justice m\u00eame de Dieu, celle qui est un don gratuit. Il suffit juste de nous all\u00e9ger pour la recevoir.<br \/>\n\u00ab Ton P\u00e8re qui voit dans le secret te le rendra \u00bb est-il r\u00e9p\u00e9t\u00e9 \u00e0 trois reprises dans le texte de Mathieu. Mais qu\u2019est-ce que le P\u00e8re nous rend sinon son amour paternel d\u00e9bordant qui fait lever son soleil sur les bons comme sur les m\u00e9chants, qui pardonne et nous invite \u00e0 pardonner. Le P\u00e8re qui est totalement don dans son Fils et par son Esprit nous invite \u00e0 nous donner nous aussi sans regarder en arri\u00e8re.<br \/>\nEn recevant les cendres, il sera prononc\u00e9 sur nous : \u00ab Convertissez vous et croyez \u00e0 l\u2019\u00c9vangile \u00bb. Croyons \u00e0 cette Bonne Nouvelle pour qu\u2019elle remplisse nos c\u0153urs de joie. Nous pourrons donner sans contrepartie, prier dans le silence, jeuner sans en avoir l\u2019air comme en un jour de f\u00eate. C\u2019est ainsi que nous serons des t\u00e9moins.<\/p>\n<p>P. Abbot Vladimir<\/p>","protected":false},"excerpt":{"rendered":"<p>Chers Fr\u00e8res et S\u0153urs, On ne peut bien comprendre le passage de l\u2019\u00c9vangile que nous venons d\u2019entendre et que l\u2019\u00c9glise nous donne pour prier en ce d\u00e9but de car\u00eame que si l\u2019on se rappelle qu\u2019au beau milieu de ce texte le Christ donne, r\u00e9v\u00e8le \u00e0 ses disciples la pri\u00e8re des fils, le Notre P\u00e8re. Ce [&hellip;]<\/p>","protected":false},"author":4,"featured_media":3488,"comment_status":"closed","ping_status":"closed","sticky":false,"template":"","format":"standard","meta":{"_acf_changed":false,"_seopress_robots_primary_cat":"none","_seopress_titles_title":"","_seopress_titles_desc":"","_seopress_robots_index":"","footnotes":""},"categories":[6,5],"tags":[],"class_list":["post-5667","post","type-post","status-publish","format-standard","has-post-thumbnail","hentry","category-fetes-et-dimanches","category-homelie"],"acf":[],"_links":{"self":[{"href":"https:\/\/www.abbayedelerins.com\/en\/wp-json\/wp\/v2\/posts\/5667","targetHints":{"allow":["GET"]}}],"collection":[{"href":"https:\/\/www.abbayedelerins.com\/en\/wp-json\/wp\/v2\/posts"}],"about":[{"href":"https:\/\/www.abbayedelerins.com\/en\/wp-json\/wp\/v2\/types\/post"}],"author":[{"embeddable":true,"href":"https:\/\/www.abbayedelerins.com\/en\/wp-json\/wp\/v2\/users\/4"}],"replies":[{"embeddable":true,"href":"https:\/\/www.abbayedelerins.com\/en\/wp-json\/wp\/v2\/comments?post=5667"}],"version-history":[{"count":1,"href":"https:\/\/www.abbayedelerins.com\/en\/wp-json\/wp\/v2\/posts\/5667\/revisions"}],"predecessor-version":[{"id":5668,"href":"https:\/\/www.abbayedelerins.com\/en\/wp-json\/wp\/v2\/posts\/5667\/revisions\/5668"}],"wp:featuredmedia":[{"embeddable":true,"href":"https:\/\/www.abbayedelerins.com\/en\/wp-json\/wp\/v2\/media\/3488"}],"wp:attachment":[{"href":"https:\/\/www.abbayedelerins.com\/en\/wp-json\/wp\/v2\/media?parent=5667"}],"wp:term":[{"taxonomy":"category","embeddable":true,"href":"https:\/\/www.abbayedelerins.com\/en\/wp-json\/wp\/v2\/categories?post=5667"},{"taxonomy":"post_tag","embeddable":true,"href":"https:\/\/www.abbayedelerins.com\/en\/wp-json\/wp\/v2\/tags?post=5667"}],"curies":[{"name":"wp","href":"https:\/\/api.w.org\/{rel}","templated":true}]}}