{"id":5348,"date":"2025-02-09T20:56:16","date_gmt":"2025-02-09T19:56:16","guid":{"rendered":"https:\/\/www.abbayedelerins.com\/?p=5348"},"modified":"2025-02-09T20:56:16","modified_gmt":"2025-02-09T19:56:16","slug":"5eme-dimanche-c","status":"publish","type":"post","link":"https:\/\/www.abbayedelerins.com\/en\/5eme-dimanche-c\/","title":{"rendered":"5\u00e8me dimanche C"},"content":{"rendered":"<p>Luc 5, 1-11 ; Is 6, 1-8 ; Ps 137 ; 1Co 15, 1-11<\/p>\n<p>Chers fr\u00e8res et s\u0153urs<br \/>\nLe Christ J\u00e9sus est la pierre angulaire qui unit en lui Dieu et l\u2019homme, sur lui repose la promesse de Dieu, qui est notre esp\u00e9rance et notre souffle de vie. St Paul nous en rappelle le fondement : \u00ab Je vous rappelle la Bonne Nouvelle\u2026Avant tout, je vous ai transmis ceci, que j\u2019ai moi-m\u00eame re\u00e7u : le Christ est mort pour nos p\u00e9ch\u00e9s conform\u00e9ment aux \u00c9critures, et il fut mis au tombeau ; il est ressuscit\u00e9 le troisi\u00e8me jour conform\u00e9ment aux \u00c9critures, il est apparu \u00e0 Pierre, puis aux Douze. \u00bb<br \/>\nLa parole de Dieu nous ouvre au myst\u00e8re du Christ, passage \u00e0 une vie nouvelle, \u00e0 une vie de gr\u00e2ce qui nous fait exp\u00e9rimenter la pr\u00e9sence de Dieu lui-m\u00eame au c\u0153ur de notre vie. Une pr\u00e9sence qui s\u2019exprime en promesse vivante par le don de l\u2019esp\u00e9rance, qui est l\u2019\u0153uvre de l\u2019Esprit Saint. C\u2019est \u00e0 cette parole de Dieu qui ouvre une esp\u00e9rance qu\u2019aspire les foules qui pressent J\u00e9sus. Cette esp\u00e9rance a besoin d\u2019\u00eatre enseign\u00e9e et partag\u00e9e. Ceux qui \u00e9coutent J\u00e9sus deviennent auditeurs et porteurs d\u2019une parole qui n\u2019est pas seulement une vie \u00e0 esp\u00e9rer, mais une parole qui suscite en nous une vie nouvelle qui nous fait ap\u00f4tre en ce monde. La parole de Dieu, telle qu\u2019elle se manifeste en J\u00e9sus, a le pouvoir de d\u00e9truire en nous les \u0153uvres de mort et de p\u00e9ch\u00e9 et de faire germer une vie nouvelle, celle de Dieu m\u00eame. Nous vivons sous le r\u00e9gime de la gr\u00e2ce : \u00ab Ce que je suis, nous dit St Paul, je le suis par la gr\u00e2ce de Dieu et sa gr\u00e2ce, venant en moi, n\u2019a pas \u00e9t\u00e9 st\u00e9rile. \u00bb oui, la gr\u00e2ce de Dieu est f\u00e9conde et nous devons \u00eatre attentif de ne pas \u00e9teindre les dons de l\u2019Esprit Saint.<br \/>\nSimon et ses compagnons se sont laiss\u00e9 toucher par cette gr\u00e2ce, c\u2019est cette m\u00eame gr\u00e2ce qui nous a atteint et qui a fait germer en nous le d\u00e9sir d\u2019en vivre. Ce d\u00e9sir d\u2019en vivre est une r\u00e9ponse \u00e0 l\u2019initiative de J\u00e9sus. L\u2019initiative de J\u00e9sus de monter dans notre barque, de nous faire prendre un peu de distance, de jeter nos filets l\u00e0 o\u00f9 il nous a sembl\u00e9 d\u2019\u0153uvrer en vain dans les eaux de notre impuissance.<br \/>\nCette gr\u00e2ce suscite l\u2019acte de foi, un acte de foi qui est d\u00e9stabilisant, mais qui ouvre une vie. C\u2019est l\u2019exp\u00e9rience que fait Simon-Pierre. Lorsque J\u00e9sus invite ce p\u00eacheur exp\u00e9riment\u00e9 \u00e0 jeter les filets, \u00e0 une heure improbable, apr\u00e8s une nuit infructueuse, il lui r\u00e9pond tout de m\u00eame : \u00ab Sur ta parole je vais jeter les filets \u00bb, tel est le premier acte de foi de Pierre envers J\u00e9sus.<br \/>\nFoi en cette parole qui transforme en vie foisonnante ce qui semblait mort et st\u00e9rile. Pour nous aussi l\u2019acte de foi est d\u00e9stabilisant, la parole de Dieu nous d\u00e9stabilise, elle nous fait souvent dire : \u00ab J\u2019ai d\u00e9j\u00e0 pein\u00e9 toute la nuit sans rien prendre \u00bb, mais comme Simon-Pierre nous devons oser jeter les filets, avancer en eau profonde, comme si on se jetait nous-m\u00eame \u00e0 l\u2019eau. Jeter les filets l\u00e0 o\u00f9 on n\u2019a pas l\u2019habitude, \u00e0 l\u2019heure o\u00f9 on n\u2019a pas l\u2019habitude, l\u00e0 o\u00f9 on ne ma\u00eetrise pas l\u2019efficacit\u00e9 de ce qui va se passer.<br \/>\nComme Simon-Pierre le foisonnement de vie fait prendre conscience de l\u2019immensit\u00e9 du Christ et de sa gr\u00e2ce et par l\u00e0-m\u00eame de notre condition humaine si imparfaite, \u2018p\u00e8cheresse\u2019 disons-nous. C\u2019est alors que J\u00e9sus nous dit : \u00ab Ne crains pas \u00bb, je suis venu pour que tu aies la vie, pour que tous aient la vie. Le filet de la parole de Dieu ne t\u2019emprisonne pas, il te lib\u00e8re. Le filet de la parole de Dieu n&rsquo;ag\u00eet pas comme le filet du chasseur. Le filet de la Parole de Dieu ne fait pas de nous une proie, mais un don, un don pour nous m\u00eame et pour le monde, pour les autres. Le filet de la parole de Dieu tisse des liens que nous sommes appel\u00e9s \u00e0 entretenir et aussi \u00e0 renouer.<br \/>\nA travers son acte divin J\u00e9sus ne s\u2019impose pas. Il se d\u00e9voile comme ma\u00eetre de tout le cr\u00e9\u00e9, comme donateur, sans imposer son vouloir. Il laisse \u00e0 Simon-Pierre l\u2019initiative et la libert\u00e9 de le choisir et de le suivre, lui et ses compagnons. Ils ont exp\u00e9riment\u00e9 sa puissance et sa bont\u00e9.<br \/>\nC\u2019est ce myst\u00e8re que nous sommes appel\u00e9s \u00e0 vivre en nos vies et \u00e0 sans cesse approfondir pour contredire les germes de mort qui peuvent s\u2019y manifester et conserver \u00e0 nos vies sa beaut\u00e9 qui tient sur l\u2019unique gr\u00e2ce de Celui qui nous la r\u00e9v\u00e8le.<\/p>\n<p>Brother Marie<\/p>","protected":false},"excerpt":{"rendered":"<p>Luc 5, 1-11 ; Is 6, 1-8 ; Ps 137 ; 1Co 15, 1-11 Chers fr\u00e8res et s\u0153urs Le Christ J\u00e9sus est la pierre angulaire qui unit en lui Dieu et l\u2019homme, sur lui repose la promesse de Dieu, qui est notre esp\u00e9rance et notre souffle de vie. St Paul nous en rappelle le fondement [&hellip;]<\/p>","protected":false},"author":4,"featured_media":3488,"comment_status":"closed","ping_status":"closed","sticky":false,"template":"","format":"standard","meta":{"_acf_changed":false,"_seopress_robots_primary_cat":"none","_seopress_titles_title":"","_seopress_titles_desc":"","_seopress_robots_index":"","footnotes":""},"categories":[6,5],"tags":[],"class_list":["post-5348","post","type-post","status-publish","format-standard","has-post-thumbnail","hentry","category-fetes-et-dimanches","category-homelie"],"acf":[],"_links":{"self":[{"href":"https:\/\/www.abbayedelerins.com\/en\/wp-json\/wp\/v2\/posts\/5348","targetHints":{"allow":["GET"]}}],"collection":[{"href":"https:\/\/www.abbayedelerins.com\/en\/wp-json\/wp\/v2\/posts"}],"about":[{"href":"https:\/\/www.abbayedelerins.com\/en\/wp-json\/wp\/v2\/types\/post"}],"author":[{"embeddable":true,"href":"https:\/\/www.abbayedelerins.com\/en\/wp-json\/wp\/v2\/users\/4"}],"replies":[{"embeddable":true,"href":"https:\/\/www.abbayedelerins.com\/en\/wp-json\/wp\/v2\/comments?post=5348"}],"version-history":[{"count":1,"href":"https:\/\/www.abbayedelerins.com\/en\/wp-json\/wp\/v2\/posts\/5348\/revisions"}],"predecessor-version":[{"id":5349,"href":"https:\/\/www.abbayedelerins.com\/en\/wp-json\/wp\/v2\/posts\/5348\/revisions\/5349"}],"wp:featuredmedia":[{"embeddable":true,"href":"https:\/\/www.abbayedelerins.com\/en\/wp-json\/wp\/v2\/media\/3488"}],"wp:attachment":[{"href":"https:\/\/www.abbayedelerins.com\/en\/wp-json\/wp\/v2\/media?parent=5348"}],"wp:term":[{"taxonomy":"category","embeddable":true,"href":"https:\/\/www.abbayedelerins.com\/en\/wp-json\/wp\/v2\/categories?post=5348"},{"taxonomy":"post_tag","embeddable":true,"href":"https:\/\/www.abbayedelerins.com\/en\/wp-json\/wp\/v2\/tags?post=5348"}],"curies":[{"name":"wp","href":"https:\/\/api.w.org\/{rel}","templated":true}]}}