{"id":5156,"date":"2025-02-05T06:11:00","date_gmt":"2025-02-05T05:11:00","guid":{"rendered":"https:\/\/www.abbayedelerins.com\/?p=5156"},"modified":"2025-02-05T06:11:00","modified_gmt":"2025-02-05T05:11:00","slug":"presentation-de-jesus-au-temple","status":"publish","type":"post","link":"https:\/\/www.abbayedelerins.com\/en\/presentation-de-jesus-au-temple\/","title":{"rendered":"Pr\u00e9sentation de J\u00e9sus au Temple"},"content":{"rendered":"<p>Dear Brothers and Sisters,<br \/>\n\u00ab Portes, levez vos frontons, \u00e9levez-vous, portes \u00e9ternelles : qu\u2019il entre, le roi de gloire \u00bb, avons nous chant\u00e9 avec le psalmiste. De m\u00eame nous avons entendu le proph\u00e8te nous dire : \u00ab Soudain viendra dans son Temple le Seigneur que vous cherchez. Le messager de l\u2019Alliance que vous d\u00e9sirez, le voici qui vient. Qui pourra soutenir le jour de sa venue ? \u00bb<br \/>\nEt voici qu\u2019en ce jour, ce qui \u00e9tait annonc\u00e9 s\u2019accomplit. Le Roi de gloire, le Seigneur de l\u2019univers vient \u00e0 notre rencontre mais comme un enfant sans d\u00e9fense. La loi est accomplie mais c\u2019est l\u2019Esprit saint qui parle par la bouche de Sym\u00e9on proclamant que Dieu fait toutes choses nouvelles en apportant la lumi\u00e8re aux nations. Celui qui n\u2019a pas besoin d\u2019\u00eatre rachet\u00e9, Celui qui n\u2019a pas besoin d\u2019\u00eatre purifi\u00e9 est amen\u00e9 par ses parents \u00e0 J\u00e9rusalem pour accomplir la loi. Comme nous l\u2019avons chant\u00e9 ce matin : \u00ab Il vient ob\u00e9ir \u00e0 la loi, Lui qui ne doit rien \u00e0 la loi \u00bb. \u00ab Il lui fallait donc se rendre en tout semblable \u00e0 ses fr\u00e8res \u00bb pour nous racheter de la mal\u00e9diction de la loi. Dans les bras du vieillard Sym\u00e9on se trouve celui qui vient racheter toute l\u2019humanit\u00e9. Il est pr\u00e9sent\u00e9 dans le Temple et c\u2019est comme si dans les bras de ce vieillard toute l\u2019humanit\u00e9 \u00e9tait pr\u00e9sent\u00e9e \u00e0 Dieu. Lorsque nous demandons \u00e0 chaque office de ce jour comme au d\u00e9but de cette messe de pouvoir, avec une \u00e2me purifi\u00e9e \u00eatre pr\u00e9sent\u00e9s nous aussi devant Dieu, nous ne faisons que demander l\u2019accomplissement dans sa pl\u00e9nitude de ce qui est d\u00e9j\u00e0 arriv\u00e9 en ce jour b\u00e9ni dans le temple o\u00f9 toute l\u2019humanit\u00e9 est comme rassembl\u00e9e dans le myst\u00e8re qui s\u2019accomplit.<br \/>\nSaint Bernard commentant cet \u00c9vangile et la procession de cette f\u00eate dit qu\u2019elle a \u00e9t\u00e9 inaugur\u00e9e par celle de la Sainte Famille se rendant \u00e0 J\u00e9rusalem pour qu\u2019un juste reconnaisse Celui qu\u2019il attendait. Il y a aussi, \u00e9crit-il, une deuxi\u00e8me procession o\u00f9 ce sont d\u00e9j\u00e0 des foules qui pr\u00e9c\u00e8dent et qui suivent Celui qui entre de nouveau dans J\u00e9rusalem port\u00e9 par un \u00e2ne pour s\u2019offrir sur la Croix pour le salut du monde. Le Christ J\u00e9sus, cet enfant que nous voyons pr\u00e9senter dans le Temple a partag\u00e9 jusqu\u2019\u00e0 la mort et la mort de la Croix notre condition pour \u00eatre le lib\u00e9rateur de nos vies et nous montrer le chemin de la vie. Et ce que Sym\u00e9on dit \u00e0 Marie est une r\u00e9v\u00e9lation pour nous, un d\u00e9voilement de nos pens\u00e9es. Nous sentons nous appel\u00e9s car il ne faudrait surtout pas se poser la question de notre capacit\u00e9. Nous sentons nous appel\u00e9s \u00e0 nous offrir et \u00e0 offrir toute l\u2019humanit\u00e9 dans le sacrifice du matin qui s\u2019accomplit dans le temple et dans celui du soir o\u00f9 la vie jaillira du myst\u00e8re de la Croix. C\u2019est vrai que nous n\u2019avons rien d\u2019extraordinaire \u00e0 offrir, juste une offrande de pauvre comme les deux petites colombes de l\u2019\u00c9vangile.<br \/>\nNous recevons la vie dans l\u2019humilit\u00e9 de notre condition, dans sa faiblesse et son p\u00e9ch\u00e9. C\u2019est d\u2019abord cela l\u2019objet de notre acceptation et de notre offrande. C\u2019est dans nos vies sans importance que le salut jaillit et que nous nous unissons \u00e0 l\u2019offrande du Christ. En fait, nous n\u2019avons m\u00eame pas deux petites colombes \u00e0 offrir. Comme l\u2019a si bien vu Th\u00e9r\u00e8se de l\u2019Enfant J\u00e9sus, nous ne pouvons pr\u00e9tendre nous pr\u00e9senter devant Dieu autrement que les mains vides. Avec nos cierges \u00e0 la main, nous abandonnant \u00e0 l\u2019amour de Dieu manifest\u00e9 en J\u00e9sus Christ, avan\u00e7ons nous avec esp\u00e9rance et foi \u00e0 la suite de Celui qui s\u2019offre pour nous.<br \/>\n\u00ab Orne la chambre de tes noces, Sion qui attend le Seigneur<br \/>\nLe salut du monde est venu, le Christ nous convie \u00e0 la joie \u00bb.<\/p>\n<p>P\u00e8re Abb\u00e9 Vladimir<\/p>","protected":false},"excerpt":{"rendered":"<p>Chers Fr\u00e8res et S\u0153urs, \u00ab Portes, levez vos frontons, \u00e9levez-vous, portes \u00e9ternelles : qu\u2019il entre, le roi de gloire \u00bb, avons nous chant\u00e9 avec le psalmiste. De m\u00eame nous avons entendu le proph\u00e8te nous dire : \u00ab Soudain viendra dans son Temple le Seigneur que vous cherchez. Le messager de l\u2019Alliance que vous d\u00e9sirez, le [&hellip;]<\/p>","protected":false},"author":4,"featured_media":3488,"comment_status":"closed","ping_status":"closed","sticky":false,"template":"","format":"standard","meta":{"_acf_changed":false,"_seopress_robots_primary_cat":"none","_seopress_titles_title":"","_seopress_titles_desc":"","_seopress_robots_index":"","footnotes":""},"categories":[6,5],"tags":[],"class_list":["post-5156","post","type-post","status-publish","format-standard","has-post-thumbnail","hentry","category-fetes-et-dimanches","category-homelie"],"acf":[],"_links":{"self":[{"href":"https:\/\/www.abbayedelerins.com\/en\/wp-json\/wp\/v2\/posts\/5156","targetHints":{"allow":["GET"]}}],"collection":[{"href":"https:\/\/www.abbayedelerins.com\/en\/wp-json\/wp\/v2\/posts"}],"about":[{"href":"https:\/\/www.abbayedelerins.com\/en\/wp-json\/wp\/v2\/types\/post"}],"author":[{"embeddable":true,"href":"https:\/\/www.abbayedelerins.com\/en\/wp-json\/wp\/v2\/users\/4"}],"replies":[{"embeddable":true,"href":"https:\/\/www.abbayedelerins.com\/en\/wp-json\/wp\/v2\/comments?post=5156"}],"version-history":[{"count":1,"href":"https:\/\/www.abbayedelerins.com\/en\/wp-json\/wp\/v2\/posts\/5156\/revisions"}],"predecessor-version":[{"id":5157,"href":"https:\/\/www.abbayedelerins.com\/en\/wp-json\/wp\/v2\/posts\/5156\/revisions\/5157"}],"wp:featuredmedia":[{"embeddable":true,"href":"https:\/\/www.abbayedelerins.com\/en\/wp-json\/wp\/v2\/media\/3488"}],"wp:attachment":[{"href":"https:\/\/www.abbayedelerins.com\/en\/wp-json\/wp\/v2\/media?parent=5156"}],"wp:term":[{"taxonomy":"category","embeddable":true,"href":"https:\/\/www.abbayedelerins.com\/en\/wp-json\/wp\/v2\/categories?post=5156"},{"taxonomy":"post_tag","embeddable":true,"href":"https:\/\/www.abbayedelerins.com\/en\/wp-json\/wp\/v2\/tags?post=5156"}],"curies":[{"name":"wp","href":"https:\/\/api.w.org\/{rel}","templated":true}]}}