{"id":4967,"date":"2025-01-27T07:32:15","date_gmt":"2025-01-27T06:32:15","guid":{"rendered":"https:\/\/www.abbayedelerins.com\/?p=4967"},"modified":"2025-01-27T07:32:37","modified_gmt":"2025-01-27T06:32:37","slug":"les-saints-fondateurs-de-citeaux","status":"publish","type":"post","link":"https:\/\/www.abbayedelerins.com\/en\/les-saints-fondateurs-de-citeaux\/","title":{"rendered":"Les saints fondateurs de C\u00eeteaux"},"content":{"rendered":"<p>Les communaut\u00e9s monastiques de la Famille Cistercienne, f\u00eatent aujourd\u2019hui la solennit\u00e9 des Trois Fondateurs de C\u00eeteaux, le Nouveau Monast\u00e8re fond\u00e9 selon la tradition le 21 mars 1098 en Bourgogne.<br \/>\nC\u00e9l\u00e9brer les Fondateurs, c\u2019est toujours retrouver la gr\u00e2ce d\u2019une naissance, et la cr\u00e8che qui est encore l\u00e0, \u00e0 l\u2019int\u00e9rieur de cette \u00e9glise, nous invite \u00e0 regarder le Christ Enfant, et par ce regard, \u00e0 d\u00e9sirer na\u00eetre \u00e0 une vie nouvelle. Nous le savons : Dieu nous a d\u00e9j\u00e0 fait rena\u00eetre d\u2019une semence imp\u00e9rissable, sa Parole vivante qui demeure. Les trois abb\u00e9s Fondateurs de C\u00eeteaux \u2013 Robert, Alb\u00e9ric et \u00c9tienne \u2013 ont accueilli dans la douceur la Parole que Dieu avait sem\u00e9e en eux, et ils ont port\u00e9 du fruit. Leur vie est comme un reflet vivant du passage \u00e9cout\u00e9 en deuxi\u00e8me lecture, tir\u00e9 de la Lettre aux H\u00e9breux. L\u2019auteur de la lettre fait l\u2019\u00e9loge de la foi des anciens : il ne s\u2019agit pas d\u2019un trait\u00e9 sur la foi, mais la description d\u2019une foi v\u00e9cue, concr\u00e8te et courageuse, qui nous stimule encore aujourd\u2019hui. Gr\u00e2ce \u00e0 la foi, Abraham ob\u00e9it \u00e0 l\u2019appel de Dieu : il partit. \/ Aussit\u00f4t appel\u00e9, Abraham ob\u00e9it. Il y a en lui comme un synchronisme parfait avec la r\u00e9ponse ; nous pourrions dire que la Parole de Dieu r\u00e9sonnait encore \u00e0 ses oreilles que d\u00e9j\u00e0 Abraham se mettait en route : va vers le pays que je te montrerai. Sa confiance est grande : il renonce aux biens visibles pour les invisibles, mais il attendait la ville dont Dieu lui-m\u00eame est le b\u00e2tisseur et l\u2019architecte, une ville qui aurait de vraies fondations. Et cette attente est intense car il aspirait \u00e0 une patrie meilleure, celle des cieux. Nous voyons bien toute la f\u00e9condit\u00e9 de la foi.<br \/>\nComme Abraham, les trois abb\u00e9s, Robert, Alb\u00e9ric et \u00c9tienne, ont accueilli la Parole de Dieu qui les appelait chaque jour. Gr\u00e2ce \u00e0 cette foi ils ont pu redonner toute sa fraicheur \u00e0 la vie monastique, comme saint Beno\u00eet l\u2019avait voulue. C\u00eeteaux a fleuri gr\u00e2ce \u00e0 leur engagement ; ils incarnaient les valeurs qu\u2019ils proclamaient et chacun \u00e0 sa mani\u00e8re attirait les autres par sa qualit\u00e9 de vie. Ils ont fait partie d\u2019un vaste mouvement monastique dont le seul but \u00e9tait de servir l\u2019\u00c9glise, et ils lui ont donn\u00e9 une spiritualit\u00e9 par leur vie et leur ferveur. Il y a dans l\u2019intention des trois Fondateurs le d\u00e9sir de retrouver la puret\u00e9 de la R\u00e8gle de saint Beno\u00eet, la pauvret\u00e9 dans la vie, une r\u00e9elle s\u00e9paration du monde sans pour autant exclure l\u2019hospitalit\u00e9 envers tous, riches et pauvres. Le r\u00e9sultat a \u00e9t\u00e9 une r\u00e9novation spirituelle : comme le dit saint Paul, on rev\u00eat alors l\u2019homme nouveau.<br \/>\nSuivant l\u2019exemple d\u2019Abraham, les Fondateurs de C\u00eeteaux ont chemin\u00e9 tout au long de leur vie \u00e0 la lumi\u00e8re de la foi, comme une \u00e9toile qui les guidait. Et cette lumi\u00e8re est pr\u00e9cis\u00e9ment ce que les abbayes cisterciennes nous ont l\u00e9gu\u00e9, nous ont laiss\u00e9 en h\u00e9ritage. L\u2019architecture de ces lieux est anim\u00e9e non pas par la couleur, mais par la lumi\u00e8re. La simplicit\u00e9 des lignes et l\u2019absence de couleur nous permettent de go\u00fbter davantage la puret\u00e9 de la lumi\u00e8re. De cette mani\u00e8re nous pouvons saisir encore plus r\u00e9ellement que Dieu est lumi\u00e8re et le Christ lumi\u00e8re du monde. La lumi\u00e8re qui resplendit \u00e0 travers les vitraux blancs d\u2019une abbaye cistercienne en est le reflet terrestre. Mais pour comprendre et ressentir cela, il y a besoin du silence.<br \/>\nDans la pri\u00e8re et dans ce silence, en suivant les abb\u00e9s de C\u00eeteaux, demandons la lumi\u00e8re et la f\u00e9condit\u00e9 de la foi, pour chercher Dieu et nous aim\u00e9s les uns les autres comme lui, le Seigneur, nous a aim\u00e9s.<\/p>\n<p>Fr\u00e8re Matteo<\/p>","protected":false},"excerpt":{"rendered":"<p>Les communaut\u00e9s monastiques de la Famille Cistercienne, f\u00eatent aujourd\u2019hui la solennit\u00e9 des Trois Fondateurs de C\u00eeteaux, le Nouveau Monast\u00e8re fond\u00e9 selon la tradition le 21 mars 1098 en Bourgogne. C\u00e9l\u00e9brer les Fondateurs, c\u2019est toujours retrouver la gr\u00e2ce d\u2019une naissance, et la cr\u00e8che qui est encore l\u00e0, \u00e0 l\u2019int\u00e9rieur de cette \u00e9glise, nous invite \u00e0 regarder [&hellip;]<\/p>","protected":false},"author":4,"featured_media":3488,"comment_status":"closed","ping_status":"closed","sticky":false,"template":"","format":"standard","meta":{"_acf_changed":false,"_seopress_robots_primary_cat":"none","_seopress_titles_title":"","_seopress_titles_desc":"","_seopress_robots_index":"","footnotes":""},"categories":[6,5],"tags":[],"class_list":["post-4967","post","type-post","status-publish","format-standard","has-post-thumbnail","hentry","category-fetes-et-dimanches","category-homelie"],"acf":[],"_links":{"self":[{"href":"https:\/\/www.abbayedelerins.com\/en\/wp-json\/wp\/v2\/posts\/4967","targetHints":{"allow":["GET"]}}],"collection":[{"href":"https:\/\/www.abbayedelerins.com\/en\/wp-json\/wp\/v2\/posts"}],"about":[{"href":"https:\/\/www.abbayedelerins.com\/en\/wp-json\/wp\/v2\/types\/post"}],"author":[{"embeddable":true,"href":"https:\/\/www.abbayedelerins.com\/en\/wp-json\/wp\/v2\/users\/4"}],"replies":[{"embeddable":true,"href":"https:\/\/www.abbayedelerins.com\/en\/wp-json\/wp\/v2\/comments?post=4967"}],"version-history":[{"count":1,"href":"https:\/\/www.abbayedelerins.com\/en\/wp-json\/wp\/v2\/posts\/4967\/revisions"}],"predecessor-version":[{"id":4968,"href":"https:\/\/www.abbayedelerins.com\/en\/wp-json\/wp\/v2\/posts\/4967\/revisions\/4968"}],"wp:featuredmedia":[{"embeddable":true,"href":"https:\/\/www.abbayedelerins.com\/en\/wp-json\/wp\/v2\/media\/3488"}],"wp:attachment":[{"href":"https:\/\/www.abbayedelerins.com\/en\/wp-json\/wp\/v2\/media?parent=4967"}],"wp:term":[{"taxonomy":"category","embeddable":true,"href":"https:\/\/www.abbayedelerins.com\/en\/wp-json\/wp\/v2\/categories?post=4967"},{"taxonomy":"post_tag","embeddable":true,"href":"https:\/\/www.abbayedelerins.com\/en\/wp-json\/wp\/v2\/tags?post=4967"}],"curies":[{"name":"wp","href":"https:\/\/api.w.org\/{rel}","templated":true}]}}