{"id":4643,"date":"2025-01-17T08:49:12","date_gmt":"2025-01-17T07:49:12","guid":{"rendered":"https:\/\/www.abbayedelerins.com\/?p=4643"},"modified":"2025-01-17T08:49:12","modified_gmt":"2025-01-17T07:49:12","slug":"saint-honorat","status":"publish","type":"post","link":"https:\/\/www.abbayedelerins.com\/en\/saint-honorat\/","title":{"rendered":"Saint Honorat"},"content":{"rendered":"<p>Chers Fr\u00e8res et S\u0153urs<\/p>\n<p>\u00ab Restez en tenue de service \u00bb. C\u2019est ce que dit le d\u00e9but du passage de l\u2019\u00c9vangile de Luc que nous entendons pour la f\u00eate de saint Honorat. Tout le Nouveau Testament comme par exemple le passage de la lettre aux h\u00e9breux que nous avons entendu insiste sur l\u2019importance du service, de l\u2019accueil, de l\u2019hospitalit\u00e9. De ce service inconditionnel, la parabole du Bon Samaritain dans l\u2019\u00c9vangile de Luc en est une des \u00e9vocations les plus parlantes. Mais ce que dit le Seigneur dans l\u2019\u00c9vangile de ce jour en parlant de service semble se situer \u00e0 un autre niveau. Le serviteur et le service dont parle l\u2019\u00c9vangile de ce jour est d\u2019abord le service du ma\u00eetre parti pour les noces et donc l\u2019attente de son retour. Et cette attente qui caract\u00e9rise ce service, cette attente d\u2019un inattendu est le lieu d\u2019une r\u00e9v\u00e9lation, d\u2019un renversement. C\u2019est finalement le ma\u00eetre qui se mettra en tenue de service, la ceinture aux reins et passera pour les servir.<\/p>\n<p>Serviteur et service, ces mots reviennent \u00e0 plusieurs reprises dans la vie d\u2019Honorat qui institua la vie monastique sur cette \u00eele au d\u00e9but du cinqui\u00e8me si\u00e8cle. Sa conversion \u00e0 la vie monastique est d\u00e9crite comme un service : \u00ab Tr\u00e8s vite, il s\u2019est \u00e9lanc\u00e9 vers la vie religieuse avec toute la flamme que l\u2019\u00e9tincelle qu\u2019il avait ainsi aliment\u00e9e avait fait na\u00eetre. Tandis qu\u2019il ployait la nuque sous le joug en se mettant au service du Seigneur \u00bb.Il s\u2019engage dans ce service parce qu\u2019il consid\u00e8re le Christ comme le tr\u00e9sor le plus pr\u00e9cieux. Toute la vie d\u2019Honorat t\u00e9moigne de ce lien \u00e9troit avec le Christ qu\u2019il entretiendra pendant toute sa vie dont il allait jusqu\u2019\u00e0 r\u00e9p\u00e9ter le nom jusque dans son sommeil. Servir, c\u2019est attendre le Christ tout en goutant et en \u00e9tant attentif \u00e0 sa pr\u00e9sence. Mais se convertir \u00e0 la vie monastique avec son fr\u00e8re Venance implique aussi qu\u2019il abandonne ses biens pour les mettre au service des pauvres. Il n\u2019y a pas pour lui de service du Christ sans service des pauvres. La vie d\u2019Honorat nous parle aussi de la vie monastique comme un service ang\u00e9lique que l\u2019on peut comprendre d\u2019apr\u00e8s ce que dit l\u2019\u00e9loge du d\u00e9sert d\u2019Eucher comme la c\u00e9l\u00e9bration de la liturgie. Elle nous le montre aussi tissant des liens avec de multiples personnes qui lui deviennent chers par les services qu\u2019il leur rend. Tous ces services sont ensemble pour lui un unique service du Christ. Notre Saint est d\u00e9crit dans toute sa vie aussi bien comme moine que comme \u00e9v\u00eaque comme le serviteur fid\u00e8le parce qu\u2019il est avant tout le serviteur du Christ mais aussi parce qu\u2019il s\u2019est fait le serviteur de tous aussi bien dans sa communaut\u00e9 qu\u2019\u00e0 l\u2019ext\u00e9rieur d\u2019elle.<\/p>\n<p>Dear Brothers and Sisters,<br \/>\nIl nous est difficile de nous repr\u00e9senter en d\u00e9tail comment les premiers moines ont v\u00e9cu sur cette \u00eele m\u00eame s\u2019il est important pour nous de nous sentir leurs h\u00e9ritiers et leurs continuateurs. Mais \u00e0 travers les si\u00e8cles, nous sommes reli\u00e9s \u00e0 eux par cette id\u00e9e de service. Les mots service, serviteur et service sont aussi tr\u00e8s pr\u00e9sents avec des niveaux de sens voisins dans la R\u00e8gle de Notre P\u00e8re saint Beno\u00eet qui guide notre vie aujourd\u2019hui.<br \/>\nLa vie d\u2019Honorat par Hilaire d\u2019Arles se termine par une pri\u00e8re qui lui est adress\u00e9e : \u00ab Obtiens que, dans une aspiration commune, nous m\u00e9ritions de respecter tes ordres et tes enseignements \u00bb. Demandons au Seigneur par son intercession la gr\u00e2ce de devenir toujours de meilleurs serviteurs, cherchant \u00e0 converser avec Dieu dans la solitude comme Mo\u00efse, faisant demeurer dans notre communaut\u00e9 l\u2019amour fraternel et l\u2019hospitalit\u00e9 inconditionnelle, vivant avec le Christ qui nous a donn\u00e9 sa vie sur la croix ce grand retournement o\u00f9 les r\u00f4les s\u2019inversent \u00e0 son exemple.<\/p>\n<p>P. Abbot Vladimir<\/p>","protected":false},"excerpt":{"rendered":"<p>Chers Fr\u00e8res et S\u0153urs \u00ab Restez en tenue de service \u00bb. C\u2019est ce que dit le d\u00e9but du passage de l\u2019\u00c9vangile de Luc que nous entendons pour la f\u00eate de saint Honorat. Tout le Nouveau Testament comme par exemple le passage de la lettre aux h\u00e9breux que nous avons entendu insiste sur l\u2019importance du service, [&hellip;]<\/p>","protected":false},"author":4,"featured_media":3488,"comment_status":"closed","ping_status":"closed","sticky":false,"template":"","format":"standard","meta":{"_acf_changed":false,"_seopress_robots_primary_cat":"none","_seopress_titles_title":"","_seopress_titles_desc":"","_seopress_robots_index":"","footnotes":""},"categories":[5],"tags":[],"class_list":["post-4643","post","type-post","status-publish","format-standard","has-post-thumbnail","hentry","category-homelie"],"acf":[],"_links":{"self":[{"href":"https:\/\/www.abbayedelerins.com\/en\/wp-json\/wp\/v2\/posts\/4643","targetHints":{"allow":["GET"]}}],"collection":[{"href":"https:\/\/www.abbayedelerins.com\/en\/wp-json\/wp\/v2\/posts"}],"about":[{"href":"https:\/\/www.abbayedelerins.com\/en\/wp-json\/wp\/v2\/types\/post"}],"author":[{"embeddable":true,"href":"https:\/\/www.abbayedelerins.com\/en\/wp-json\/wp\/v2\/users\/4"}],"replies":[{"embeddable":true,"href":"https:\/\/www.abbayedelerins.com\/en\/wp-json\/wp\/v2\/comments?post=4643"}],"version-history":[{"count":1,"href":"https:\/\/www.abbayedelerins.com\/en\/wp-json\/wp\/v2\/posts\/4643\/revisions"}],"predecessor-version":[{"id":4644,"href":"https:\/\/www.abbayedelerins.com\/en\/wp-json\/wp\/v2\/posts\/4643\/revisions\/4644"}],"wp:featuredmedia":[{"embeddable":true,"href":"https:\/\/www.abbayedelerins.com\/en\/wp-json\/wp\/v2\/media\/3488"}],"wp:attachment":[{"href":"https:\/\/www.abbayedelerins.com\/en\/wp-json\/wp\/v2\/media?parent=4643"}],"wp:term":[{"taxonomy":"category","embeddable":true,"href":"https:\/\/www.abbayedelerins.com\/en\/wp-json\/wp\/v2\/categories?post=4643"},{"taxonomy":"post_tag","embeddable":true,"href":"https:\/\/www.abbayedelerins.com\/en\/wp-json\/wp\/v2\/tags?post=4643"}],"curies":[{"name":"wp","href":"https:\/\/api.w.org\/{rel}","templated":true}]}}