{"id":3652,"date":"2024-12-26T16:20:30","date_gmt":"2024-12-26T15:20:30","guid":{"rendered":"https:\/\/www.abbayedelerins.com\/?p=3652"},"modified":"2024-12-26T16:20:30","modified_gmt":"2024-12-26T15:20:30","slug":"fete-de-saint-etienne-premier-martyre","status":"publish","type":"post","link":"https:\/\/www.abbayedelerins.com\/en\/fete-de-saint-etienne-premier-martyre\/","title":{"rendered":"F\u00eate de Saint Etienne premier martyre"},"content":{"rendered":"<p>En c\u00e9l\u00e9brant le martyre du diacre St Etienne le lendemain de la naissance de J\u00e9sus c\u2019est tourner le projecteur sur le risque qu\u2019a assum\u00e9 l\u2019Amour de Dieu en se faisant un parmi les hommes.<br \/>\nL\u2019Evangile du Christ, qui nous trace un chemin de vie, reste un signe de contradiction qui vient \u00e9veiller nos consciences de chr\u00e9tiens au c\u0153ur d\u2019un monde si pr\u00e9occup\u00e9 par la r\u00e9ussite mat\u00e9rielle, pr\u00e9occup\u00e9 par la course aux pouvoirs de toutes sortes, pr\u00e9occup\u00e9 par son propre \u2018bien-\u00eatre\u2019, le tout au d\u00e9triment ou au m\u00e9pris de la dignit\u00e9 fondamentale de toute vie et de tout \u00eatre humain pour qui le Christ a vers\u00e9 son sang.<br \/>\nEtienne rempli de l\u2019Esprit Saint, avait son regard tourn\u00e9 vers le ciel, nous dit le r\u00e9cit des Actes des ap\u00f4tres, et il contemplait les cieux ouverts et le Fils de l\u2019homme debout, vivant, \u00e0 la droite de Dieu.<br \/>\nMais ce regard dirig\u00e9 vers le Haut, suspendu \u00e0 la victoire du Christ en sa glorification, ne nous arrache pas aux r\u00e9alit\u00e9s de la terre, au contraire il nous les fait aimer comme Dieu les aime, jusqu\u2019\u00e0 donner son Fils, son Unique.<br \/>\nSeul le regard de la foi peut nous faire contempler dans l\u2019enfant de la cr\u00e8che le Verbe de Dieu fait homme, comme seul le regard de la foi peut nous faire contempler dans le myst\u00e8re pascal ce m\u00eame Verbe de Dieu qui s\u2019an\u00e9antit jusqu\u2019\u00e0 la mort sur une croix, pour briser les murs de s\u00e9parations, briser les murs de haine. Seul le regard de foi nous lie \u00e0 ce m\u00eame Verbe de Dieu exalt\u00e9 en son humanit\u00e9 dans la gloire du P\u00e8re, d\u2019o\u00f9 nous sont communiqu\u00e9es toutes gr\u00e2ces.<br \/>\nCar Dieu n\u2019a de cesse de nous rejoindre, de vouloir nous relier, non seulement \u00e0 lui, mais aussi nous relier au myst\u00e8re de toute femme, tout homme, dont Dieu en son Fils s\u2019est fait solidaire. La vie du Christ nous fonde sur le Roc, elle nous construit en humanit\u00e9 et en enfants de Dieu, elle nous rend t\u00e9moins de la vie offerte.<br \/>\nL\u2019\u00e9vang\u00e9liste Matthieu nous dit que c\u2019est l\u2019Esprit Saint qui nous fait t\u00e9moigner de notre foi.<br \/>\nL\u2019Esprit Saint est l\u2019Amour de Dieu r\u00e9pandu dans nos c\u0153urs. Cette vie du Christ s\u2019int\u00e8gre en nous par la charit\u00e9, une charit\u00e9 active : une charit\u00e9 qui se fait don de nous-m\u00eames et \u0153uvre de fraternit\u00e9.<br \/>\nComprendre et int\u00e9grer la vie de J\u00e9sus c\u2019est aussi ouvrir un dialogue constant avec le monde, un dialogue en v\u00e9rit\u00e9, au-del\u00e0 des clivages identitaires, id\u00e9ologiques ou religieux. En bien des contextes nous savons que c\u2019est un dialogue difficile, un t\u00e9moignage risqu\u00e9, voire au risque de sa vie.<br \/>\nLe Christ fait de nous des \u00eatres d\u2019alliance. Comme nous le rappelle l\u2019ap\u00f4tre Paul, cet amour est folie aux yeux des pouvoirs de ce monde, car il est accueil, don et pardon. N\u2019\u00e9teignions pas l\u2019Esprit. Ne craignons pas d\u2019\u00eatre signes de contradiction au c\u0153ur de ce monde.<br \/>\nSt Etienne que nous f\u00eatons en ce jour a laiss\u00e9 na\u00eetre le Christ en lui, il est devenu temple de l\u2019Esprit du Christ, il est devenu expression de son amour pour l\u2019humanit\u00e9, cette humanit\u00e9 qui a besoin de lumi\u00e8re, de discernement, de compassion et de mis\u00e9ricorde.<\/p>\n<p>Brother Marie<\/p>","protected":false},"excerpt":{"rendered":"<p>En c\u00e9l\u00e9brant le martyre du diacre St Etienne le lendemain de la naissance de J\u00e9sus c\u2019est tourner le projecteur sur le risque qu\u2019a assum\u00e9 l\u2019Amour de Dieu en se faisant un parmi les hommes. L\u2019Evangile du Christ, qui nous trace un chemin de vie, reste un signe de contradiction qui vient \u00e9veiller nos consciences de [&hellip;]<\/p>","protected":false},"author":4,"featured_media":3488,"comment_status":"closed","ping_status":"closed","sticky":false,"template":"","format":"standard","meta":{"_acf_changed":false,"_seopress_robots_primary_cat":"none","_seopress_titles_title":"","_seopress_titles_desc":"","_seopress_robots_index":"","footnotes":""},"categories":[5],"tags":[],"class_list":["post-3652","post","type-post","status-publish","format-standard","has-post-thumbnail","hentry","category-homelie"],"acf":[],"_links":{"self":[{"href":"https:\/\/www.abbayedelerins.com\/en\/wp-json\/wp\/v2\/posts\/3652","targetHints":{"allow":["GET"]}}],"collection":[{"href":"https:\/\/www.abbayedelerins.com\/en\/wp-json\/wp\/v2\/posts"}],"about":[{"href":"https:\/\/www.abbayedelerins.com\/en\/wp-json\/wp\/v2\/types\/post"}],"author":[{"embeddable":true,"href":"https:\/\/www.abbayedelerins.com\/en\/wp-json\/wp\/v2\/users\/4"}],"replies":[{"embeddable":true,"href":"https:\/\/www.abbayedelerins.com\/en\/wp-json\/wp\/v2\/comments?post=3652"}],"version-history":[{"count":1,"href":"https:\/\/www.abbayedelerins.com\/en\/wp-json\/wp\/v2\/posts\/3652\/revisions"}],"predecessor-version":[{"id":3653,"href":"https:\/\/www.abbayedelerins.com\/en\/wp-json\/wp\/v2\/posts\/3652\/revisions\/3653"}],"wp:featuredmedia":[{"embeddable":true,"href":"https:\/\/www.abbayedelerins.com\/en\/wp-json\/wp\/v2\/media\/3488"}],"wp:attachment":[{"href":"https:\/\/www.abbayedelerins.com\/en\/wp-json\/wp\/v2\/media?parent=3652"}],"wp:term":[{"taxonomy":"category","embeddable":true,"href":"https:\/\/www.abbayedelerins.com\/en\/wp-json\/wp\/v2\/categories?post=3652"},{"taxonomy":"post_tag","embeddable":true,"href":"https:\/\/www.abbayedelerins.com\/en\/wp-json\/wp\/v2\/tags?post=3652"}],"curies":[{"name":"wp","href":"https:\/\/api.w.org\/{rel}","templated":true}]}}