{"id":3650,"date":"2024-12-26T16:18:18","date_gmt":"2024-12-26T15:18:18","guid":{"rendered":"https:\/\/www.abbayedelerins.com\/?p=3650"},"modified":"2024-12-26T16:18:18","modified_gmt":"2024-12-26T15:18:18","slug":"messe-du-jour-de-noel","status":"publish","type":"post","link":"https:\/\/www.abbayedelerins.com\/en\/messe-du-jour-de-noel\/","title":{"rendered":"Christmas Day Mass"},"content":{"rendered":"<p>Dear Brothers and Sisters,<\/p>\n<p>\u00ab \u00c0 bien des reprises et de bien des mani\u00e8res, Dieu, dans le pass\u00e9, a parl\u00e9 \u00e0 nos p\u00e8res par les proph\u00e8tes ; mais \u00e0 la fin, en ces jours o\u00f9 nous sommes, il nous a parl\u00e9 par son Fils \u00bb.<br \/>\nCette nuit, nous contemplions cette Parole, enfant nouveau n\u00e9 ne sachant pas encore parler, couch\u00e9 dans une mangeoire.<br \/>\nMais en ce jour de joie, nous c\u00e9l\u00e9brons une incroyable nouveaut\u00e9. Nous n\u2019avons plus seulement la voix des guetteurs dont parle le proph\u00e8te Isa\u00efe \u00e0 \u00e9couter mais nous pouvons \u00e9couter le Verbe de Dieu, Celui qui \u00e9tait au commencement aupr\u00e8s de Dieu et par qui tout a \u00e9t\u00e9 fait puisqu\u2019il a pris la langue des hommes pour s\u2019adresser \u00e0 nous. Celui devant qui se prosternent tous les anges, celui qui est l\u2019inaccessible Dieu, Celui qui nous a fait \u00e0 son image s\u2019adresse \u00e0 nous dans la langue des hommes. \u00ab Le Verbe s\u2019est fait chair, il a habit\u00e9 parmi nous, et nous avons vu sa gloire \u00bb. Cette gloire est dans la communication qu\u2019il fait de lui-m\u00eame. Le Dieu invisible s\u2019adresse aux hommes ainsi qu\u2019\u00e0 des amis, il s\u2019entretient avec eux pour les inviter et les admettre \u00e0 partager sa propre vie. Comme le chante la liturgie, le mur de s\u00e9paration est renvers\u00e9. Le Verbe fait chair nous r\u00e9v\u00e8le la dignit\u00e9 de notre nature. Il manifeste que nous sommes fait \u00e0 l\u2019image de Dieu, une image que par sa venue dans le monde, le Christ, ce petit enfant emmaillot\u00e9 de langes vient restaurer. Si nous accueillons cette parole qui est vie et lumi\u00e8re, elle nous donne le pouvoir de devenir enfants de Dieu. L\u2019enfant de la mangeoire nous invite \u00e0 rena\u00eetre. Alors que commence l\u2019ann\u00e9e jubilaire, regardons avec les yeux de la foi. Le Christ, dans son amour des hommes, r\u00e9alise en lui le d\u00e9but d\u2019une cr\u00e9ation nouvelle et, par sa naissance, il nous ouvre \u00e0 l\u2019esp\u00e9rance. \u00ab Rayonnement de la gloire de Dieu, expression parfaite de son \u00eatre, le Fils, qui porte l\u2019univers par sa parole puissante, accomplit la purification des p\u00e9ch\u00e9s \u00bb.<br \/>\nLe Verbe de Dieu a pris la langue des hommes, il a fait de nos mots une parole de Paix, qui annonce et fait venir la paix. Il a donn\u00e9 \u00e0 notre langage une incomparable valeur. Pour le moment il est un enfant qui ne parle pas mais dans l\u2019humilit\u00e9 de son silence, il nous enseigne. Lorsqu\u2019il parlera, cette parole sera alors une Bonne Nouvelle, un \u00c9vangile puisque c\u2019est ce que ce mot veut dire, nous annon\u00e7ant la r\u00e9conciliation et la communion.<br \/>\nDear Brothers and Sisters,<br \/>\nAyons pleine conscience de notre dignit\u00e9 et de celle de nos paroles. Qu\u2019elles soient des paroles de jubilation, de r\u00e9conciliation, de paix et de communion. Que nos paroles deviennent des pri\u00e8res et des supplications pour que la Paix et la fraternit\u00e9 des enfants de Dieu soient ce que tous les hommes recherchent puisque c\u2019est ce que l\u2019enfant de Bethl\u00e9em est venu leur apporter.<\/p>\n<p>P\u00e8re Abb\u00e9 Vladimir<\/p>","protected":false},"excerpt":{"rendered":"<p>Chers Fr\u00e8res et S\u0153urs, \u00ab \u00c0 bien des reprises et de bien des mani\u00e8res, Dieu, dans le pass\u00e9, a parl\u00e9 \u00e0 nos p\u00e8res par les proph\u00e8tes ; mais \u00e0 la fin, en ces jours o\u00f9 nous sommes, il nous a parl\u00e9 par son Fils \u00bb. Cette nuit, nous contemplions cette Parole, enfant nouveau n\u00e9 ne [&hellip;]<\/p>","protected":false},"author":4,"featured_media":3488,"comment_status":"closed","ping_status":"closed","sticky":false,"template":"","format":"standard","meta":{"_acf_changed":false,"_seopress_robots_primary_cat":"none","_seopress_titles_title":"","_seopress_titles_desc":"","_seopress_robots_index":"","footnotes":""},"categories":[5],"tags":[],"class_list":["post-3650","post","type-post","status-publish","format-standard","has-post-thumbnail","hentry","category-homelie"],"acf":[],"_links":{"self":[{"href":"https:\/\/www.abbayedelerins.com\/en\/wp-json\/wp\/v2\/posts\/3650","targetHints":{"allow":["GET"]}}],"collection":[{"href":"https:\/\/www.abbayedelerins.com\/en\/wp-json\/wp\/v2\/posts"}],"about":[{"href":"https:\/\/www.abbayedelerins.com\/en\/wp-json\/wp\/v2\/types\/post"}],"author":[{"embeddable":true,"href":"https:\/\/www.abbayedelerins.com\/en\/wp-json\/wp\/v2\/users\/4"}],"replies":[{"embeddable":true,"href":"https:\/\/www.abbayedelerins.com\/en\/wp-json\/wp\/v2\/comments?post=3650"}],"version-history":[{"count":1,"href":"https:\/\/www.abbayedelerins.com\/en\/wp-json\/wp\/v2\/posts\/3650\/revisions"}],"predecessor-version":[{"id":3651,"href":"https:\/\/www.abbayedelerins.com\/en\/wp-json\/wp\/v2\/posts\/3650\/revisions\/3651"}],"wp:featuredmedia":[{"embeddable":true,"href":"https:\/\/www.abbayedelerins.com\/en\/wp-json\/wp\/v2\/media\/3488"}],"wp:attachment":[{"href":"https:\/\/www.abbayedelerins.com\/en\/wp-json\/wp\/v2\/media?parent=3650"}],"wp:term":[{"taxonomy":"category","embeddable":true,"href":"https:\/\/www.abbayedelerins.com\/en\/wp-json\/wp\/v2\/categories?post=3650"},{"taxonomy":"post_tag","embeddable":true,"href":"https:\/\/www.abbayedelerins.com\/en\/wp-json\/wp\/v2\/tags?post=3650"}],"curies":[{"name":"wp","href":"https:\/\/api.w.org\/{rel}","templated":true}]}}