{"id":3394,"date":"2025-04-02T15:50:32","date_gmt":"2025-04-02T13:50:32","guid":{"rendered":"https:\/\/www.abbayedelerins.com\/?p=3394"},"modified":"2025-04-02T16:42:11","modified_gmt":"2025-04-02T14:42:11","slug":"paques-a-lerins-2025","status":"publish","type":"post","link":"https:\/\/www.abbayedelerins.com\/en\/paques-a-lerins-2025\/","title":{"rendered":"Easter in L\u00e9rins 2025"},"content":{"rendered":"<p style=\"padding-left: 200px;\"><img loading=\"lazy\" decoding=\"async\" class=\"alignnone wp-image-3395\" src=\"https:\/\/www.abbayedelerins.com\/wp-content\/uploads\/2024\/12\/3-flyer-paques-a-lerins-2025-1-212x300.jpg\" alt=\"3 flyer p\u00e2ques \u00e0 l\u00e9rins 2025 1\" width=\"509\" height=\"721\" srcset=\"https:\/\/www.abbayedelerins.com\/wp-content\/uploads\/2024\/12\/3-flyer-paques-a-lerins-2025-1-212x300.jpg 212w, https:\/\/www.abbayedelerins.com\/wp-content\/uploads\/2024\/12\/3-flyer-paques-a-lerins-2025-1.jpg 578w\" sizes=\"auto, (max-width: 509px) 100vw, 509px\" \/><img loading=\"lazy\" decoding=\"async\" class=\"alignnone wp-image-3396\" src=\"https:\/\/www.abbayedelerins.com\/wp-content\/uploads\/2024\/12\/3-flyer-paques-a-lerins-2025-2-212x300.jpg\" alt=\"3 flyer p\u00e2ques \u00e0 l\u00e9rins 2025 2\" width=\"509\" height=\"720\" srcset=\"https:\/\/www.abbayedelerins.com\/wp-content\/uploads\/2024\/12\/3-flyer-paques-a-lerins-2025-2-212x300.jpg 212w, https:\/\/www.abbayedelerins.com\/wp-content\/uploads\/2024\/12\/3-flyer-paques-a-lerins-2025-2.jpg 578w\" sizes=\"auto, (max-width: 509px) 100vw, 509px\" \/><\/p>\n<p>&nbsp;<\/p>\n<a class=\"af_button\" href=\"https:\/\/fondacio.fr\/proposition\/paques-a-lerins\/\" title=\"Information &amp; registration\" target=\"_self\">Information &amp; registration<\/a>\n<p>&nbsp;<\/p>","protected":false},"excerpt":{"rendered":"<p>&nbsp; &nbsp;<\/p>","protected":false},"author":4,"featured_media":3395,"comment_status":"closed","ping_status":"closed","sticky":false,"template":"","format":"standard","meta":{"_acf_changed":false,"_seopress_robots_primary_cat":"none","_seopress_titles_title":"","_seopress_titles_desc":"","_seopress_robots_index":"","footnotes":""},"categories":[4,9],"tags":[],"class_list":["post-3394","post","type-post","status-publish","format-standard","has-post-thumbnail","hentry","category-actualite","category-session"],"acf":[],"_links":{"self":[{"href":"https:\/\/www.abbayedelerins.com\/en\/wp-json\/wp\/v2\/posts\/3394","targetHints":{"allow":["GET"]}}],"collection":[{"href":"https:\/\/www.abbayedelerins.com\/en\/wp-json\/wp\/v2\/posts"}],"about":[{"href":"https:\/\/www.abbayedelerins.com\/en\/wp-json\/wp\/v2\/types\/post"}],"author":[{"embeddable":true,"href":"https:\/\/www.abbayedelerins.com\/en\/wp-json\/wp\/v2\/users\/4"}],"replies":[{"embeddable":true,"href":"https:\/\/www.abbayedelerins.com\/en\/wp-json\/wp\/v2\/comments?post=3394"}],"version-history":[{"count":2,"href":"https:\/\/www.abbayedelerins.com\/en\/wp-json\/wp\/v2\/posts\/3394\/revisions"}],"predecessor-version":[{"id":3398,"href":"https:\/\/www.abbayedelerins.com\/en\/wp-json\/wp\/v2\/posts\/3394\/revisions\/3398"}],"wp:featuredmedia":[{"embeddable":true,"href":"https:\/\/www.abbayedelerins.com\/en\/wp-json\/wp\/v2\/media\/3395"}],"wp:attachment":[{"href":"https:\/\/www.abbayedelerins.com\/en\/wp-json\/wp\/v2\/media?parent=3394"}],"wp:term":[{"taxonomy":"category","embeddable":true,"href":"https:\/\/www.abbayedelerins.com\/en\/wp-json\/wp\/v2\/categories?post=3394"},{"taxonomy":"post_tag","embeddable":true,"href":"https:\/\/www.abbayedelerins.com\/en\/wp-json\/wp\/v2\/tags?post=3394"}],"curies":[{"name":"wp","href":"https:\/\/api.w.org\/{rel}","templated":true}]}}