{"id":3077,"date":"2024-12-16T10:52:41","date_gmt":"2024-12-16T09:52:41","guid":{"rendered":"https:\/\/www.abbayedelerins.com\/?p=3077"},"modified":"2024-12-21T13:38:36","modified_gmt":"2024-12-21T12:38:36","slug":"3eme-dimanche-avent-c","status":"publish","type":"post","link":"https:\/\/www.abbayedelerins.com\/en\/3eme-dimanche-avent-c\/","title":{"rendered":"3rd Sunday Advent C"},"content":{"rendered":"<p>So 3, 14-18\u00a0; Is 12\u00a0; Ph 4, 4-7\u00a0; Lc 3, 10-18<\/p>\n<p>Ce troisi\u00e8me dimanche de l\u2019Avent, nomm\u00e9 Gaudete, r\u00e9jouissez-vous, est une invitation \u00e0 la joie. Il ne s\u2019agit pas l\u00e0 d\u2019une joie subjective qui nous d\u00e9tournerait des drames qui nous entourent ou qui ferait fi des souffrances ou des violences de l\u2019histoire humaine, mais il s\u2019agit d\u2019une joie objective, qui est celle d\u2019une promesse que le mal et la mort n\u2019ont pas le dernier mot et que notre vie humaine a du poids aux yeux de Dieu qui nous aime et nous offre sa vie. Oui, nous sommes invit\u00e9s \u00e0 raviver cette joie que donne l\u2019esp\u00e9rance de la manifestation de notre Dieu, esp\u00e9rance qui manifeste une pr\u00e9sence. Certes nous sommes en p\u00e8lerinage en cette vie terrestre et notre esp\u00e9rance est tendue vers les r\u00e9alit\u00e9s d\u2019en-haut, en Christ qui demeure dans la gloire du P\u00e8re, r\u00e9alit\u00e9 d\u2019en-haut que nous ne voyons pas encore en pleine clart\u00e9, mais qui est pr\u00e9sente dans la foi.<\/p>\n<p>Cette joie annonc\u00e9e par les proph\u00e8tes est aussi la joie de Dieu accomplissant son \u0153uvre en nous, ainsi le chante le proph\u00e8te Sophonie\u00a0: \u00ab\u00a0Le Seigneur ton Dieu est en toi, c\u2019est lui, le h\u00e9ros qui apporte le salut. Il aura en toi sa joie et son all\u00e9gresse, il te renouvellera par son amour\u00a0; il exultera pour toi et se r\u00e9jouira, comme aux jours de f\u00eate.\u00a0\u00bb<\/p>\n<p>Le Christ J\u00e9sus lui-m\u00eame, \u00e0 maintes reprises, nous partage et nous fait don de cette joie, cette joie qui est don de lui-m\u00eame et de son Esprit de vie\u00a0: \u00ab\u00a0Et maintenant que je viens \u00e0 toi, P\u00e8re, je parle ainsi, dans le monde, pour qu\u2019ils aient en eux ma joie, et qu\u2019ils en soient combl\u00e9s.\u00a0\u00bb Jn 17, 13<\/p>\n<p>Jean le Baptiste aussi annon\u00e7ait cette joie\u00a0: \u00ab\u00a0L\u2019ami de l\u2019\u00e9poux, il se tient l\u00e0, il entend la voix de l\u2019\u00e9poux, et il en est tout joyeux. Telle est ma joie : elle est parfaite.\u00a0\u00bb Jn 3, 29<\/p>\n<p>Cette joie est comparable aux sources vives que chante le proph\u00e8te Isa\u00efe\u00a0: \u00ab\u00a0Exultant de joie, vous puiserez les eaux aux sources du salut.\u00a0\u00bb L\u2019eau qui jaillit des sources du salut, est l\u2019eau de la joie et de l\u2019esp\u00e9rance qui d\u00e9salt\u00e8rent le c\u0153ur, qui vient combler le d\u00e9sir de vie et de bonheur. C\u2019est \u00e0 cette joie du salut en Christ que nous exhorte St Paul\u00a0: Je vous le redis, soyez dans la joie. Cette n\u2019est pas une joie individuelle ou priv\u00e9e, mais bien la joie d\u2019une communaut\u00e9 de croyants.<\/p>\n<p>La joie n\u2019est pas seulement li\u00e9e \u00e0 l\u2019esp\u00e9rance, elle est aussi li\u00e9e \u00e0 la charit\u00e9, sans la charit\u00e9 la joie ne serait pas compl\u00e8te.\u00a0Il n\u2019y a pas charit\u00e9 sans dynamique de conversion.<\/p>\n<p>Dans notre \u00e9vangile de ce jour l\u2019efficacit\u00e9 de la pr\u00e9dication de Jean le Baptiste est de r\u00e9veiller l\u2019attente, et il donne forme \u00e0 cette attente, par un d\u00e9sir de conversion. A la question des foules qui viennent \u00e0 lui\u00a0pour un bapt\u00eame de conversion\u00a0: Que devons-nous faire\u00a0? Jean leur rappelle les principes \u00e9thiques de la loi : le partage et la justice, l\u2019attention au prochain. Mais Jean le Baptiste dit de lui-m\u00eame que ce n\u2019est pas lui qui comblera cette attente, il n\u2019est pas le Christ. L\u2019attente dont il est l\u2019\u00e9veilleur est toute tendue vers celui qui vient, qui baptisera dans l\u2019Esprit Saint, dans une nouveaut\u00e9 radicale, que seule l\u2019Esprit du Christ nous fait rena\u00eetre \u00e0 une vie nouvelle.\u00a0C\u2019est dans l\u2019Esprit Saint, amour de Dieu r\u00e9pandu en nos c\u0153urs, que notre esp\u00e9rance et notre charit\u00e9 puisent aux sources du salut. \u00ab\u00a0Soyez dans la joie. Que votre bienveillance soit connue de tous les hommes. Le Seigneur est proche. \u00a0\u00a0Et la paix de Dieu, qui d\u00e9passe tout ce qu\u2019on peut concevoir, gardera vos c\u0153urs et vos pens\u00e9es dans le Christ J\u00e9sus.\u00a0\u00bb<\/p>\n<p>Brother Marie<\/p>","protected":false},"excerpt":{"rendered":"<p>So 3, 14-18\u00a0; Is 12\u00a0; Ph 4, 4-7\u00a0; Lc 3, 10-18 Ce troisi\u00e8me dimanche de l\u2019Avent, nomm\u00e9 Gaudete, r\u00e9jouissez-vous, est une invitation \u00e0 la joie. Il ne s\u2019agit pas l\u00e0 d\u2019une joie subjective qui nous d\u00e9tournerait des drames qui nous entourent ou qui ferait fi des souffrances ou des violences de l\u2019histoire humaine, mais il [&hellip;]<\/p>","protected":false},"author":4,"featured_media":3488,"comment_status":"closed","ping_status":"closed","sticky":false,"template":"","format":"standard","meta":{"_acf_changed":false,"_seopress_robots_primary_cat":"none","_seopress_titles_title":"","_seopress_titles_desc":"","_seopress_robots_index":"","footnotes":""},"categories":[6,5],"tags":[],"class_list":["post-3077","post","type-post","status-publish","format-standard","has-post-thumbnail","hentry","category-fetes-et-dimanches","category-homelie"],"acf":[],"_links":{"self":[{"href":"https:\/\/www.abbayedelerins.com\/en\/wp-json\/wp\/v2\/posts\/3077","targetHints":{"allow":["GET"]}}],"collection":[{"href":"https:\/\/www.abbayedelerins.com\/en\/wp-json\/wp\/v2\/posts"}],"about":[{"href":"https:\/\/www.abbayedelerins.com\/en\/wp-json\/wp\/v2\/types\/post"}],"author":[{"embeddable":true,"href":"https:\/\/www.abbayedelerins.com\/en\/wp-json\/wp\/v2\/users\/4"}],"replies":[{"embeddable":true,"href":"https:\/\/www.abbayedelerins.com\/en\/wp-json\/wp\/v2\/comments?post=3077"}],"version-history":[{"count":1,"href":"https:\/\/www.abbayedelerins.com\/en\/wp-json\/wp\/v2\/posts\/3077\/revisions"}],"predecessor-version":[{"id":3078,"href":"https:\/\/www.abbayedelerins.com\/en\/wp-json\/wp\/v2\/posts\/3077\/revisions\/3078"}],"wp:featuredmedia":[{"embeddable":true,"href":"https:\/\/www.abbayedelerins.com\/en\/wp-json\/wp\/v2\/media\/3488"}],"wp:attachment":[{"href":"https:\/\/www.abbayedelerins.com\/en\/wp-json\/wp\/v2\/media?parent=3077"}],"wp:term":[{"taxonomy":"category","embeddable":true,"href":"https:\/\/www.abbayedelerins.com\/en\/wp-json\/wp\/v2\/categories?post=3077"},{"taxonomy":"post_tag","embeddable":true,"href":"https:\/\/www.abbayedelerins.com\/en\/wp-json\/wp\/v2\/tags?post=3077"}],"curies":[{"name":"wp","href":"https:\/\/api.w.org\/{rel}","templated":true}]}}