{"id":14787,"date":"2025-12-25T09:04:47","date_gmt":"2025-12-25T08:04:47","guid":{"rendered":"https:\/\/www.abbayedelerins.com\/?p=14787"},"modified":"2025-12-26T09:05:35","modified_gmt":"2025-12-26T08:05:35","slug":"noel-messe-du-jour","status":"publish","type":"post","link":"https:\/\/www.abbayedelerins.com\/en\/noel-messe-du-jour\/","title":{"rendered":"No\u00ebl &#8211; messe du jour"},"content":{"rendered":"<p style=\"font-weight: 400;\">Avec toute l\u2019\u00c9glise, nous avons attendu ce jour tr\u00e8s saint, jour de No\u00ebl. Le temps de l\u2019Avent nous a appris \u00e0 d\u00e9sirer la venue du Sauveur et, avec nous, toute la cr\u00e9ation s\u2019est associ\u00e9e \u00e0 ce d\u00e9sir\u00a0: <em>Le ciel se r\u00e9jouit, le monde est en f\u00eate, car le Seigneur vient\u00a0; il va prendre en piti\u00e9 les pauvres de son peuple<\/em>. Et cette nuit, fid\u00e8le \u00e0 sa promesse, Dieu est n\u00e9. Il est bon pour chacun de m\u00e9diter sur la fid\u00e9lit\u00e9 de Dieu, car toute l\u2019\u00c9criture sainte nous y invite\u00a0: la Parole du Seigneur est une parole pure, comme l\u2019argent pass\u00e9 au feu. Sa parole n\u2019a pas \u00e9t\u00e9 \u00ab\u00a0oui et non\u00a0\u00bb\u00a0; Dieu n\u2019a \u00e9t\u00e9 que \u00ab\u00a0oui\u00a0\u00bb. et toutes ses promesses ont trouv\u00e9 leur \u00ab\u00a0oui\u00a0\u00bb en sa personne. Notre Dieu tient parole. Il est venu comme il l\u2019avait promis.<\/p>\n<p style=\"font-weight: 400;\">\u00c0 la messe de minuit, le r\u00e9cit de la naissance de J\u00e9sus nous a spontan\u00e9ment mis en marche vers la cr\u00e8che, une marche pleine de la lumi\u00e8re de Dieu. et en cette messe du jour, le passage de l\u2019\u00c9vangile selon saint Jean, que nous venons d\u2019entendre, nous invite \u00e0 prendre de la hauteur et \u00e0 envisager le myst\u00e8re de No\u00ebl sous un autre angle. Son Prologue nous fait d\u2019abord quitter la ville de Bethl\u00e9em, o\u00f9 J\u00e9sus vient de na\u00eetre, pour nous \u00e9lever jusqu\u2019au sein de Dieu le P\u00e8re\u00a0: \u00ab\u00a0Au commencement \u00e9tait le Verbe, et le Verbe \u00e9tait aupr\u00e8s de Dieu, et le Verbe \u00e9tait Dieu. Il \u00e9tait au commencement aupr\u00e8s de Dieu.\u00a0\u00bb Puis, l\u2019\u00c9vangile nous ram\u00e8ne de nouveau \u00e0 la cr\u00e8che o\u00f9 g\u00eet l\u2019Enfant-Dieu\u00a0: \u00ab\u00a0Et le Verbe d\u2019est fait chair\u00a0; il a habit\u00e9 parmi nous, et nous avons vu sa gloire, la gloire qu\u2019il tient de son P\u00e8re comme Fils unique, plein de gr\u00e2ce et de v\u00e9rit\u00e9.\u00a0\u00bb<\/p>\n<p style=\"font-weight: 400;\">Dieu est venu habiter parmi nous, et nous sommes appel\u00e9s \u00e0 l\u2019accueillir, \u00e0 faire de No\u00ebl une rencontre. Or, c\u2019est ici qu\u2019a lieu une troisi\u00e8me naissance, une naissance qui nous concerne tous\u00a0: celle qui fait de nous des enfants de Dieu. \u00ab\u00a0\u00c0 tous ceux qui l\u2019ont re\u00e7u, il a donn\u00e9 de pouvoir devenir enfants de Dieu, eux qui croient en son nom. Ils ne sont pas n\u00e9s du sang, ni d\u2019une volont\u00e9 charnelle, ni d\u2019une volont\u00e9 d\u2019homme\u00a0: ils sont n\u00e9s de Dieu.\u00a0\u00bb Dans sa premi\u00e8re lettre, saint Jean s\u2019\u00e9merveille encore de cette naissance, ou renaissance, offerte \u00e0 tous les croyants\u00a0: \u00ab\u00a0Voyez quel grand amour nous a donn\u00e9 le P\u00e8re, pour que nous soyons appel\u00e9s enfants de Dieu \u2013 et nous le sommes.\u00a0\u00bb<\/p>\n<p style=\"font-weight: 400;\">Devenir enfants de Dieu et vivre comme des fils et des filles pleins de confiance en leur P\u00e8re\u00a0: voil\u00e0 le don, le cadeau que la solennit\u00e9 de No\u00ebl nous apporte. Quand il est accueilli, ce don op\u00e8re un changement dans le c\u0153ur de celui qui croit\u00a0: c\u2019est un passage \u00e0 une situation nouvelle, celle d\u2019une appartenance plus profonde \u00e0 Dieu. l\u2019homme accueille le Verbe, la Parole de Dieu, et Dieu l\u2019engendre.<\/p>\n<p style=\"font-weight: 400;\">Apprenons \u00e0 marcher sur les traces de J\u00e9sus pour rena\u00eetre d\u2019en haut et devenir des enfants de Dieu. Dieu fait homme n\u2019est pas seulement aimable, il est aussi devenu imitable. Que cette eucharistie que nous c\u00e9l\u00e9brons nous fasse entrer en communion avec lui, aujourd\u2019hui enfant, puis tout au long de sa vie, doux et humble de c\u0153ur.<\/p>\n<p>&nbsp;<\/p>\n<p>Fr Matteo<\/p>","protected":false},"excerpt":{"rendered":"<p>Avec toute l\u2019\u00c9glise, nous avons attendu ce jour tr\u00e8s saint, jour de No\u00ebl. Le temps de l\u2019Avent nous a appris \u00e0 d\u00e9sirer la venue du Sauveur et, avec nous, toute la cr\u00e9ation s\u2019est associ\u00e9e \u00e0 ce d\u00e9sir\u00a0: Le ciel se r\u00e9jouit, le monde est en f\u00eate, car le Seigneur vient\u00a0; il va prendre en piti\u00e9 [&hellip;]<\/p>","protected":false},"author":4,"featured_media":3488,"comment_status":"closed","ping_status":"closed","sticky":false,"template":"","format":"standard","meta":{"_acf_changed":false,"_seopress_robots_primary_cat":"none","_seopress_titles_title":"","_seopress_titles_desc":"","_seopress_robots_index":"","footnotes":""},"categories":[5],"tags":[],"class_list":["post-14787","post","type-post","status-publish","format-standard","has-post-thumbnail","hentry","category-homelie"],"acf":[],"_links":{"self":[{"href":"https:\/\/www.abbayedelerins.com\/en\/wp-json\/wp\/v2\/posts\/14787","targetHints":{"allow":["GET"]}}],"collection":[{"href":"https:\/\/www.abbayedelerins.com\/en\/wp-json\/wp\/v2\/posts"}],"about":[{"href":"https:\/\/www.abbayedelerins.com\/en\/wp-json\/wp\/v2\/types\/post"}],"author":[{"embeddable":true,"href":"https:\/\/www.abbayedelerins.com\/en\/wp-json\/wp\/v2\/users\/4"}],"replies":[{"embeddable":true,"href":"https:\/\/www.abbayedelerins.com\/en\/wp-json\/wp\/v2\/comments?post=14787"}],"version-history":[{"count":1,"href":"https:\/\/www.abbayedelerins.com\/en\/wp-json\/wp\/v2\/posts\/14787\/revisions"}],"predecessor-version":[{"id":14788,"href":"https:\/\/www.abbayedelerins.com\/en\/wp-json\/wp\/v2\/posts\/14787\/revisions\/14788"}],"wp:featuredmedia":[{"embeddable":true,"href":"https:\/\/www.abbayedelerins.com\/en\/wp-json\/wp\/v2\/media\/3488"}],"wp:attachment":[{"href":"https:\/\/www.abbayedelerins.com\/en\/wp-json\/wp\/v2\/media?parent=14787"}],"wp:term":[{"taxonomy":"category","embeddable":true,"href":"https:\/\/www.abbayedelerins.com\/en\/wp-json\/wp\/v2\/categories?post=14787"},{"taxonomy":"post_tag","embeddable":true,"href":"https:\/\/www.abbayedelerins.com\/en\/wp-json\/wp\/v2\/tags?post=14787"}],"curies":[{"name":"wp","href":"https:\/\/api.w.org\/{rel}","templated":true}]}}