{"id":14785,"date":"2025-12-21T09:02:27","date_gmt":"2025-12-21T08:02:27","guid":{"rendered":"https:\/\/www.abbayedelerins.com\/?p=14785"},"modified":"2025-12-26T09:04:42","modified_gmt":"2025-12-26T08:04:42","slug":"4eme-dimanche-de-lavent","status":"publish","type":"post","link":"https:\/\/www.abbayedelerins.com\/en\/4eme-dimanche-de-lavent\/","title":{"rendered":"4\u00e8me dimanche de l&rsquo;Avent"},"content":{"rendered":"<p style=\"font-weight: 400;\">Chers fr\u00e8res et s\u0153urs, alors que le jour o\u00f9 nous f\u00eaterons la Nativit\u00e9 du Seigneur est d\u00e9j\u00e0 tout proche, nous avons entendu la parole du proph\u00e8te, qui a \u00e9t\u00e9 reprise par l\u2019\u00e9vang\u00e9liste\u00a0: \u00ab\u00a0<em>Voici que la Vierge concevra, et elle enfantera un fils\u00a0; on lui donnera le nom d\u2019Emmanuel, <\/em>qui se traduit\u00a0: <em>Dieu-avec-nous<\/em>.\u00a0\u00bb<\/p>\n<p style=\"font-weight: 400;\">Et l\u2019ap\u00f4tre nous disait\u00a0: \u00ab\u00a0L\u2019\u00c9vangile que Dieu avait promis d\u2019avance par ses proph\u00e8tes dans les saintes \u00c9critures concerne son Fils qui, selon la chair, est n\u00e9 de la descendance de David et, selon l\u2019Esprit de saintet\u00e9, a \u00e9t\u00e9 \u00e9tabli dans sa puissance de Fils de Dieu par sa r\u00e9surrection d\u2019entre les morts, lui, J\u00e9sus Christ, notre Seigneur.\u00a0\u00bb<\/p>\n<p style=\"font-weight: 400;\">C\u2019est par la c\u00e9l\u00e9bration de la liturgie que nous entrons dans le myst\u00e8re de l\u2019Emmanuel\u2013Dieu-avec-nous, de J\u00e9sus Christ, notre Seigneur, n\u00e9 de la descendance de David et \u00e9tabli dans sa puissance de Fils de Dieu par sa r\u00e9surrection d\u2019entre les morts.<\/p>\n<p style=\"font-weight: 400;\">Si au long de l\u2019ann\u00e9e nous c\u00e9l\u00e9brons la naissance de J\u00e9sus, sa passion et mort, sa r\u00e9surrection, son ascension, c\u2019est important que nous comprenions que ce que nous c\u00e9l\u00e9brons ce ne sont pas des faits historiques, pass\u00e9s, dont nous ferions simplement m\u00e9moire, mais bien le myst\u00e8re de l\u2019Emmanuel\u2013 Dieu-avec-nous, de J\u00e9sus Christ, notre Seigneur, n\u00e9 de la descendance de David et \u00e9tabli dans sa puissance de Fils de Dieu par sa r\u00e9surrection d\u2019entre les morts.<\/p>\n<p style=\"font-weight: 400;\">Nous ne devons pas s\u00e9parer No\u00ebl de P\u00e2ques. C\u2019est ce qui, avec la pri\u00e8re au commencement de cette liturgie, nous faisait demander\u00a0: \u00ab\u00a0Nous te prions, Seigneur, de r\u00e9pandre ta gr\u00e2ce en nos c\u0153urs\u00a0; par le message de l\u2019Ange, tu nous as fait conna\u00eetre l\u2019incarnation de ton Fils bien-aim\u00e9\u00a0; conduis-nous par sa passion et par sa croix jusqu\u2019\u00e0 la gloire de la r\u00e9surrection.\u00a0\u00bb L\u2019incarnation, la passion et la croix, et la r\u00e9surrection sont un seul myst\u00e8re.<\/p>\n<p style=\"font-weight: 400;\">En fait, avec la liturgie c\u2019est toujours P\u00e2ques, c\u2019est chaque jour P\u00e2ques, et ce que nous c\u00e9l\u00e9brons c\u2019est toujours et chaque jour l\u2019Emmanuel\u2013 Dieu-avec-nous.<\/p>\n<p style=\"font-weight: 400;\">\u00ab\u00a0Ce qu\u2019on avait pu voir de notre r\u00e9dempteur est pass\u00e9 dans les sacrements\u00a0\u00bb, disait saint L\u00e9on le Grand (Sermon en l\u2019Ascension du Seigneur II, 2). C\u2019est en vivant le sacrement qu\u2019est la liturgie que notre vie pourra t\u00e9moigner de ce que nous c\u00e9l\u00e9brons.<\/p>\n<p style=\"font-weight: 400;\">\u00ab\u00a0Qu\u2019il vienne, le Seigneur\u00a0: c\u2019est lui, le roi de gloire\u00a0!\u00a0\u00bb avons-nous r\u00e9p\u00e9t\u00e9 avec la psaume. Il y a une acclamation tr\u00e8s importante au c\u0153ur de la Pri\u00e8re Eucharistique\u00a0: \u00ab\u00a0Nous annon\u00e7ons ta mort, Seigneur J\u00e9sus, nous proclamons ta r\u00e9surrection, nous attendons ta venue dans la gloire.\u00a0\u00bb C\u2019est cette venue dans sa gloire ce que nous attendons.<\/p>\n<p style=\"font-weight: 400;\">Fr Bartomeu<\/p>","protected":false},"excerpt":{"rendered":"<p>Chers fr\u00e8res et s\u0153urs, alors que le jour o\u00f9 nous f\u00eaterons la Nativit\u00e9 du Seigneur est d\u00e9j\u00e0 tout proche, nous avons entendu la parole du proph\u00e8te, qui a \u00e9t\u00e9 reprise par l\u2019\u00e9vang\u00e9liste\u00a0: \u00ab\u00a0Voici que la Vierge concevra, et elle enfantera un fils\u00a0; on lui donnera le nom d\u2019Emmanuel, qui se traduit\u00a0: Dieu-avec-nous.\u00a0\u00bb Et l\u2019ap\u00f4tre nous [&hellip;]<\/p>","protected":false},"author":4,"featured_media":3488,"comment_status":"closed","ping_status":"closed","sticky":false,"template":"","format":"standard","meta":{"_acf_changed":false,"_seopress_robots_primary_cat":"none","_seopress_titles_title":"","_seopress_titles_desc":"","_seopress_robots_index":"","footnotes":""},"categories":[5],"tags":[],"class_list":["post-14785","post","type-post","status-publish","format-standard","has-post-thumbnail","hentry","category-homelie"],"acf":[],"_links":{"self":[{"href":"https:\/\/www.abbayedelerins.com\/en\/wp-json\/wp\/v2\/posts\/14785","targetHints":{"allow":["GET"]}}],"collection":[{"href":"https:\/\/www.abbayedelerins.com\/en\/wp-json\/wp\/v2\/posts"}],"about":[{"href":"https:\/\/www.abbayedelerins.com\/en\/wp-json\/wp\/v2\/types\/post"}],"author":[{"embeddable":true,"href":"https:\/\/www.abbayedelerins.com\/en\/wp-json\/wp\/v2\/users\/4"}],"replies":[{"embeddable":true,"href":"https:\/\/www.abbayedelerins.com\/en\/wp-json\/wp\/v2\/comments?post=14785"}],"version-history":[{"count":1,"href":"https:\/\/www.abbayedelerins.com\/en\/wp-json\/wp\/v2\/posts\/14785\/revisions"}],"predecessor-version":[{"id":14786,"href":"https:\/\/www.abbayedelerins.com\/en\/wp-json\/wp\/v2\/posts\/14785\/revisions\/14786"}],"wp:featuredmedia":[{"embeddable":true,"href":"https:\/\/www.abbayedelerins.com\/en\/wp-json\/wp\/v2\/media\/3488"}],"wp:attachment":[{"href":"https:\/\/www.abbayedelerins.com\/en\/wp-json\/wp\/v2\/media?parent=14785"}],"wp:term":[{"taxonomy":"category","embeddable":true,"href":"https:\/\/www.abbayedelerins.com\/en\/wp-json\/wp\/v2\/categories?post=14785"},{"taxonomy":"post_tag","embeddable":true,"href":"https:\/\/www.abbayedelerins.com\/en\/wp-json\/wp\/v2\/tags?post=14785"}],"curies":[{"name":"wp","href":"https:\/\/api.w.org\/{rel}","templated":true}]}}