{"id":13341,"date":"2025-11-10T11:34:00","date_gmt":"2025-11-10T10:34:00","guid":{"rendered":"https:\/\/www.abbayedelerins.com\/?p=13341"},"modified":"2025-11-10T11:34:00","modified_gmt":"2025-11-10T10:34:00","slug":"dedicace-de-la-basilique-du-latran-dimanche-9-novembre-2025","status":"publish","type":"post","link":"https:\/\/www.abbayedelerins.com\/en\/dedicace-de-la-basilique-du-latran-dimanche-9-novembre-2025\/","title":{"rendered":"D\u00e9dicace de la Basilique du Latran \u2014 dimanche 9 novembre 2025"},"content":{"rendered":"<p style=\"font-weight: 400;\">Chers fr\u00e8res et s\u0153urs, nous c\u00e9l\u00e9brons aujourd\u2019hui la d\u00e9dicace de la basilique du Latran, \u00e0 Rome, construite en l\u2019honneur du Christ Sauveur par l\u2019empereur Constantin, comme si\u00e8ge de l\u2019\u00e9v\u00eaque de Rome, \u00e9glise qui a \u00e9t\u00e9 consacr\u00e9e par le Pape Sylvestre 1<sup>er<\/sup> le 9 novembre 324.<\/p>\n<p style=\"font-weight: 400;\">Pour comprendre l\u2019importance donn\u00e9e \u00e0 cette f\u00eate nous devons nous rappeler que si nous appelons \u00e9glise (avec minuscule) le b\u00e2timent dans lequel se r\u00e9unit la communaut\u00e9 chr\u00e9tienne, ce mot, dans sa premi\u00e8re signification, d\u00e9signe la communaut\u00e9 des chr\u00e9tiens. Il s\u2019agit en fait d\u2019un mot grec\u00a0: \u0395\u03ba\u03ba\u03bb\u03b7\u03c3\u03af\u03b1, que nous trouvons d\u00e9j\u00e0 dans la bouche de J\u00e9sus (Mt 16,18\u00a0; 18,17), et qui devient usuel \u00a0dans les Actes des Ap\u00f4tres et dans les autres \u00e9crits du Nouveau Testament pour d\u00e9signer les communaut\u00e9s chr\u00e9tiennes, les chr\u00e9tiens assembl\u00e9s. L\u2019importance que nous donnons \u00e0 la f\u00eate de la d\u00e9dicace du b\u00e2timent vient donc du fait que le b\u00e2timent est le sacrement de la communaut\u00e9 chr\u00e9tienne.<\/p>\n<p style=\"font-weight: 400;\">Il y a quelques semaines, le 14 octobre, nous avons c\u00e9l\u00e9br\u00e9 avec une solennit\u00e9 sp\u00e9ciale la d\u00e9dicace de notre \u00e9glise abbatiale, celle o\u00f9 nous les moines nous nous r\u00e9unissons chaque jour pour la pri\u00e8re et pour la c\u00e9l\u00e9bration de l\u2019Eucharistie, celle o\u00f9 nous sommes \u00c9glise, aussi avec vous les fid\u00e8les qui partagez notre liturgie. Le 27 avril nous c\u00e9l\u00e9brons chaque ann\u00e9e la d\u00e9dicace de la cath\u00e9drale de Toulon, notre dioc\u00e8se, notre \u00c9glise locale. Et aujourd\u2019hui nous c\u00e9l\u00e9brons la d\u00e9dicace de la cath\u00e9drale de Rome, signe de la communion de toute l\u2019\u00c9glise (avec majuscule) par notre communion avec le si\u00e8ge de Pierre.<\/p>\n<p style=\"font-weight: 400;\">Que ce soit donc au niveau de chaque communaut\u00e9 ou paroisse, au niveau de l\u2019\u00c9glise locale du dioc\u00e8se, ou au niveau de l\u2019\u00c9glise universelle, ce que nous c\u00e9l\u00e9brons c\u2019est notre condition de communaut\u00e9 chr\u00e9tienne.<\/p>\n<p style=\"font-weight: 400;\">Mais alors que ce que nous c\u00e9l\u00e9brons n\u2019est pas un b\u00e2timent mais plut\u00f4t une communaut\u00e9, voici que saint Paul voit cette communaut\u00e9 qu\u2019est l\u2019\u00c9glise comme une maison \u00e0 construire, lorsqu\u2019il nous dit\u00a0: \u00ab\u00a0vous \u00eates une maison que Dieu construit.\u00a0\u00bb Plus encore\u00a0: \u00ab\u00a0Ne savez-vous pas que vous \u00eates un sanctuaire de Dieu, et que l\u2019Esprit de Dieu habite en vous\u00a0?\u00a0\u00bb Et il concluait\u00a0: \u00ab\u00a0le sanctuaire de Dieu est saint, et ce sanctuaire, c\u2019est vous.\u00a0\u00bb<\/p>\n<p style=\"font-weight: 400;\">\u00ab\u00a0La pierre de fondation de cette maison, personne ne peut en poser d\u2019autre que celle qui s\u2019y trouve\u00a0: J\u00e9sus Christ.\u00a0\u00bb C\u2019est sur cette pierre de fondation que l\u2019\u00c9glise se construit, malgr\u00e9 les faiblesses et, pourrions-nous dire, par les faiblesses de l\u2019\u00c9glise en ce monde. Et l\u2019ap\u00f4tre nous avertit\u00a0: \u00ab\u00a0que chacun prenne garde \u00e0 la fa\u00e7on dont il contribue \u00e0 la construction.\u00a0\u00bb<\/p>\n<p style=\"font-weight: 400;\">Vivons cette c\u00e9l\u00e9bration \u2013\u00a0que cette ann\u00e9e prend une importance sp\u00e9ciale du fait qu\u2019elle tombe en dimanche, le Jour du Seigneur\u00a0\u2013 comme une exigence et comme une gr\u00e2ce dans notre vie de chr\u00e9tiens, de membres de l\u2019\u00c9glise.<\/p>\n<p style=\"font-weight: 400; text-align: right;\">Fr Bartomeu<\/p>\n<p style=\"font-weight: 400;\">","protected":false},"excerpt":{"rendered":"<p>Chers fr\u00e8res et s\u0153urs, nous c\u00e9l\u00e9brons aujourd\u2019hui la d\u00e9dicace de la basilique du Latran, \u00e0 Rome, construite en l\u2019honneur du Christ Sauveur par l\u2019empereur Constantin, comme si\u00e8ge de l\u2019\u00e9v\u00eaque de Rome, \u00e9glise qui a \u00e9t\u00e9 consacr\u00e9e par le Pape Sylvestre 1er le 9 novembre 324. Pour comprendre l\u2019importance donn\u00e9e \u00e0 cette f\u00eate nous devons nous [&hellip;]<\/p>","protected":false},"author":4,"featured_media":3488,"comment_status":"closed","ping_status":"closed","sticky":false,"template":"","format":"standard","meta":{"_acf_changed":false,"_seopress_robots_primary_cat":"none","_seopress_titles_title":"","_seopress_titles_desc":"","_seopress_robots_index":"","footnotes":""},"categories":[5],"tags":[],"class_list":["post-13341","post","type-post","status-publish","format-standard","has-post-thumbnail","hentry","category-homelie"],"acf":[],"_links":{"self":[{"href":"https:\/\/www.abbayedelerins.com\/en\/wp-json\/wp\/v2\/posts\/13341","targetHints":{"allow":["GET"]}}],"collection":[{"href":"https:\/\/www.abbayedelerins.com\/en\/wp-json\/wp\/v2\/posts"}],"about":[{"href":"https:\/\/www.abbayedelerins.com\/en\/wp-json\/wp\/v2\/types\/post"}],"author":[{"embeddable":true,"href":"https:\/\/www.abbayedelerins.com\/en\/wp-json\/wp\/v2\/users\/4"}],"replies":[{"embeddable":true,"href":"https:\/\/www.abbayedelerins.com\/en\/wp-json\/wp\/v2\/comments?post=13341"}],"version-history":[{"count":1,"href":"https:\/\/www.abbayedelerins.com\/en\/wp-json\/wp\/v2\/posts\/13341\/revisions"}],"predecessor-version":[{"id":13342,"href":"https:\/\/www.abbayedelerins.com\/en\/wp-json\/wp\/v2\/posts\/13341\/revisions\/13342"}],"wp:featuredmedia":[{"embeddable":true,"href":"https:\/\/www.abbayedelerins.com\/en\/wp-json\/wp\/v2\/media\/3488"}],"wp:attachment":[{"href":"https:\/\/www.abbayedelerins.com\/en\/wp-json\/wp\/v2\/media?parent=13341"}],"wp:term":[{"taxonomy":"category","embeddable":true,"href":"https:\/\/www.abbayedelerins.com\/en\/wp-json\/wp\/v2\/categories?post=13341"},{"taxonomy":"post_tag","embeddable":true,"href":"https:\/\/www.abbayedelerins.com\/en\/wp-json\/wp\/v2\/tags?post=13341"}],"curies":[{"name":"wp","href":"https:\/\/api.w.org\/{rel}","templated":true}]}}