{"id":13300,"date":"2025-11-04T17:03:48","date_gmt":"2025-11-04T16:03:48","guid":{"rendered":"https:\/\/www.abbayedelerins.com\/?p=13300"},"modified":"2025-11-04T17:03:48","modified_gmt":"2025-11-04T16:03:48","slug":"commemoration-de-tous-les-fideles-defunts","status":"publish","type":"post","link":"https:\/\/www.abbayedelerins.com\/en\/commemoration-de-tous-les-fideles-defunts\/","title":{"rendered":"Comm\u00e9moration de tous les fid\u00e8les d\u00e9funts"},"content":{"rendered":"<div>\n<p class=\"Corps\">Chers Fr\u00e8res et Soeurs,<\/p>\n<\/div>\n<div>\n<p class=\"Corps\">\n<\/div>\n<div>\n<p class=\"Corps\">Alors que nous prions pour tous les d\u00e9funts, l\u2019\u00c9vangile, dans la suite de celui de la f\u00eate de Tous les Saints que nous c\u00e9l\u00e9brions hier nous donne une nouvelle b\u00e9atitude pour nous inviter\u00a0 \u00e0 veiller.<\/p>\n<\/div>\n<div>\n<p class=\"Corps\"><i>\u00ab Heureux ces serviteurs-l\u00e0 que le ma\u00eetre, \u00e0 <\/i><i><span lang=\"IT\">son arriv<\/span><\/i><i>\u00e9e, trouvera en train de veiller\u00a0\u00bb. <\/i><span class=\"Aucun\">La veille, la vigilance dont parlent les \u00c9critures n\u2019a de sens que parce qu\u2019elle est l\u2019attente d\u2019une rencontre. Nous nous pr\u00e9parons en veillant non pas pour nous perfectionner par nos propres forces, non pas pour devenir des surhommes, non pas pour devenir les meilleurs mais pour une rencontre avec celui qui donne sens \u00e0 nos vies. Notre vie s\u2019accomplit dans cette rencontre. Et cette veille, cette rencontre passe par un service o\u00f9 nous renon\u00e7ons \u00e0 prendre la premi\u00e8re place, un service dans l\u2019humilit\u00e9. Ce n\u2019est pas pour rien que saint Beno\u00eet appelle le monast\u00e8re une \u00e9cole o\u00f9 l\u2019on sert le Seigneur puisque nous nous y pr\u00e9parons ensemble \u00e0 la rencontre, esp\u00e9rant dans le service et la pri\u00e8re que le Seigneur nous am\u00e8ne tous ensemble \u00e0 la vie \u00e9ternelle. <\/span><i>\u00ab\u00a0Tenons nous pr\u00eats\u00a0\u00bb<\/i><span class=\"Aucun\">.<\/span><\/p>\n<\/div>\n<div>\n<p class=\"Corps\"><i>\u00ab\u00a0 En effet, aucun d\u2019entre nous ne vit pour soi-m\u00eame\u00a0\u00bb<\/i><span class=\"Aucun\">. Parler de la mort, parler des d\u00e9funts, c\u2019est parler de quelque chose dont nous n\u2019avons pas l\u2019exp\u00e9rience, quelque chose dont nous ne pouvons parler que par des images dont nous connaissons l\u2019insuffisance. Du royaume qui vient, de ce que Dieu a r\u00e9serv\u00e9 pour ceux qui l\u2019aiment, nous ne pouvons parler que parce que nous savons que ce royaume est d\u00e9j\u00e0 myst\u00e9rieusement pr\u00e9sent et agissant au milieu de nous. Le royaume qui vient est comme l\u2019accomplissement, l\u2019\u00e9panouissement de toutes nos rencontres, celles que nous avons v\u00e9cu, celles que nous avons esp\u00e9r\u00e9, \u00e9panouissement qui de mani\u00e8re paradoxale mais, nous suivons en cela le Christ, passe par la mort. Nous ne pouvons recevoir la vie en pl\u00e9nitude qu\u2019en la donnant. Le service de Dieu est aussi service du prochain quel qu\u2019il soit comme nous l\u2019indique le double commandement de l\u2019amour. <\/span><\/p>\n<\/div>\n<div>\n<p class=\"Corps\"><i>\u00ab\u00a0J&rsquo;esp\u00e8re le Seigneur de toute mon \u00e2me ;\u00a0 je l&rsquo;esp\u00e8re, et j&rsquo;attends sa parole\u00a0\u00bb<\/i><span class=\"Aucun\">.<\/span><\/p>\n<\/div>\n<div>\n<p class=\"Corps\"><span class=\"Aucun\">Veiller, c\u2019est d\u2019abord prier comme nous l\u2019enseignent les \u00c9vangiles car la pri\u00e8re est une rencontre qui nous pr\u00e9pare \u00e0 la rencontre, elle est l\u2019oeuvre de Dieu et donc un service. Priant pour nos fr\u00e8res et soeurs d\u00e9funts, nous nous pr\u00e9parons nous-m\u00eames. Elle est un service que nous faisons pour toute l\u2019humanit\u00e9. Dieu veut que tous les hommes soient sauv\u00e9s et parviennent \u00e0 la connaissance de la v\u00e9rit\u00e9. En priant pour les vivants comme pour les morts, nous oeuvrons pour le salut de toute l\u2019humanit\u00e9 pour laquelle Dieu a envoy\u00e9 son Fils. <\/span><i>\u00ab\u00a0Car, si le Christ a connu la mort, puis la vie, c\u2019est pour devenir le Seigneur et des morts et des vivants\u00a0\u00bb<\/i><span class=\"Aucun\">. Prier pour les d\u00e9funts, c\u2019est donc esp\u00e9rer et esp\u00e9rer pour tous. <\/span><i>\u00ab\u00a0Le Seigneur<\/i><i><span lang=\"IT\"> fera dispara<\/span><\/i><i>\u00eetre la mort pour toujours. Le Seigneur Dieu essuiera les larmes sur tous les visages\u00a0\u00bb<\/i><span class=\"Aucun\">. La vie est un don que le Seigneur nous donne et il veut nous la donner en pl\u00e9nitude. Le Christ nous dit qu\u2019il est le chemin, la v\u00e9rit\u00e9 et la vie. Il n\u2019est pas un guide, il n\u2019est pas un gourou. Il est Celui par lequel nous passons pour recevoir la vie en pl\u00e9nitude. Il est pass\u00e9 par la mort pour nous et il a fait de ce qui ne peut sembler que malheur et fin un passage vers la vie. <\/span><\/p>\n<\/div>\n<div>\n<p class=\"Corps\"><i>\u00ab\u00a0Oui, pr\u00e8s du Seigneur, est l&rsquo;amour ; pr\u00e8s de lui, abonde le rachat\u00a0\u00bb<\/i><span class=\"Aucun\">. <\/span><\/p>\n<\/div>\n<div>\n<p class=\"Corps\"><span class=\"Aucun\">Il est ainsi notre esp\u00e9rance puisqu\u2019il est notre vie. <\/span><\/p>\n<\/div>\n<div>\n<p>&nbsp;<\/p>\n<p class=\"Corps\">P\u00e8re Vladimir<\/p>\n<\/div>","protected":false},"excerpt":{"rendered":"<p>Chers Fr\u00e8res et Soeurs, Alors que nous prions pour tous les d\u00e9funts, l\u2019\u00c9vangile, dans la suite de celui de la f\u00eate de Tous les Saints que nous c\u00e9l\u00e9brions hier nous donne une nouvelle b\u00e9atitude pour nous inviter\u00a0 \u00e0 veiller. \u00ab Heureux ces serviteurs-l\u00e0 que le ma\u00eetre, \u00e0 son arriv\u00e9e, trouvera en train de veiller\u00a0\u00bb. La [&hellip;]<\/p>","protected":false},"author":4,"featured_media":3488,"comment_status":"closed","ping_status":"closed","sticky":false,"template":"","format":"standard","meta":{"_acf_changed":false,"_seopress_robots_primary_cat":"none","_seopress_titles_title":"","_seopress_titles_desc":"","_seopress_robots_index":"","footnotes":""},"categories":[5],"tags":[],"class_list":["post-13300","post","type-post","status-publish","format-standard","has-post-thumbnail","hentry","category-homelie"],"acf":[],"_links":{"self":[{"href":"https:\/\/www.abbayedelerins.com\/en\/wp-json\/wp\/v2\/posts\/13300","targetHints":{"allow":["GET"]}}],"collection":[{"href":"https:\/\/www.abbayedelerins.com\/en\/wp-json\/wp\/v2\/posts"}],"about":[{"href":"https:\/\/www.abbayedelerins.com\/en\/wp-json\/wp\/v2\/types\/post"}],"author":[{"embeddable":true,"href":"https:\/\/www.abbayedelerins.com\/en\/wp-json\/wp\/v2\/users\/4"}],"replies":[{"embeddable":true,"href":"https:\/\/www.abbayedelerins.com\/en\/wp-json\/wp\/v2\/comments?post=13300"}],"version-history":[{"count":1,"href":"https:\/\/www.abbayedelerins.com\/en\/wp-json\/wp\/v2\/posts\/13300\/revisions"}],"predecessor-version":[{"id":13301,"href":"https:\/\/www.abbayedelerins.com\/en\/wp-json\/wp\/v2\/posts\/13300\/revisions\/13301"}],"wp:featuredmedia":[{"embeddable":true,"href":"https:\/\/www.abbayedelerins.com\/en\/wp-json\/wp\/v2\/media\/3488"}],"wp:attachment":[{"href":"https:\/\/www.abbayedelerins.com\/en\/wp-json\/wp\/v2\/media?parent=13300"}],"wp:term":[{"taxonomy":"category","embeddable":true,"href":"https:\/\/www.abbayedelerins.com\/en\/wp-json\/wp\/v2\/categories?post=13300"},{"taxonomy":"post_tag","embeddable":true,"href":"https:\/\/www.abbayedelerins.com\/en\/wp-json\/wp\/v2\/tags?post=13300"}],"curies":[{"name":"wp","href":"https:\/\/api.w.org\/{rel}","templated":true}]}}