{"id":1319,"date":"2024-11-21T09:05:07","date_gmt":"2024-11-21T08:05:07","guid":{"rendered":"https:\/\/www.abbayedelerins.com\/?p=1319"},"modified":"2024-12-21T13:40:19","modified_gmt":"2024-12-21T12:40:19","slug":"notre-dame-des-douleurs","status":"publish","type":"post","link":"https:\/\/www.abbayedelerins.com\/en\/notre-dame-des-douleurs\/","title":{"rendered":"Our Lady of Sorrows"},"content":{"rendered":"<h3>Jean 19, 22-25 (f\u00e8re Marie)<\/h3>\n<p>Marie, la m\u00e8re de J\u00e9sus se tient l\u00e0 en pr\u00e9sence d\u2019autres femmes, debout sous la croix de son fils. C\u2019est un moment terrible de douleur pour le c\u0153ur d\u2019une m\u00e8re et cependant elle est debout, comme un arbre d\u2019esp\u00e9rance plant\u00e9 au c\u0153ur d\u2019un drame, car en elle son Fils a plant\u00e9 une graine, une promesse de Dieu fid\u00e8le. Marie jusqu\u2019au c\u0153ur de ce drame devient coop\u00e9ratrice de cette promesse de Dieu.<br \/>\nAvec Marie nous sommes pos\u00e9s au c\u0153ur du paradoxe de notre foi chr\u00e9tienne.<br \/>\nLe paradoxe d\u2019une victoire au c\u0153ur des t\u00e9n\u00e8bres. Au c\u0153ur des drames de l\u2019humanit\u00e9 une question hante nos esprits : o\u00f9 est Dieu ?<br \/>\nLe Christ lumi\u00e8re de vie s\u2019immerge dans le drame du monde. Aucun dieu n\u2019est pens\u00e9 comme \u00e9tant partie prenante du drame humain.<br \/>\nLe Christ verbe fait chair, lumi\u00e8re du monde, est entr\u00e9 comme un petit vers lumineux dans le fruit amer de ce drame, pour l\u2019an\u00e9antir de l\u2019int\u00e9rieur. Il n\u2019est pas au dehors.<br \/>\nEn Christ Dieu reste fid\u00e8le \u00e0 lui-m\u00eame, il reste un Dieu d\u2019amour, de v\u00e9rit\u00e9 et de lumi\u00e8re. Sur la croix le Christ brise la cha\u00eene mim\u00e9tique de la violence, et il condamne toute forme d\u2019injustice. C\u2019est pourquoi en St Jean, la croix est pour J\u00e9sus le lieu de sa vraie royaut\u00e9, celle de l\u2019amour qui triomphe, celle de l\u2019ultime sagesse de Dieu qui brise le cercle vicieux de la convoitise et de l\u2019orgueil qui pourrit le monde.<br \/>\nL\u2019autre paradoxe au c\u0153ur de ce drame, c\u2019est que du haut de la croix J\u00e9sus \u00e9tablit du lien. J\u00e9sus dit \u00e0 sa m\u00e8re et son disciple se tenant au pied de la croix : femme voici ton fils, et au disciple, voici ta m\u00e8re. Oui, au c\u0153ur de ce drame J\u00e9sus inaugure une nouvelle famille, une famille humaine li\u00e9e par le lien du don de sa vie, par le don de sa lumi\u00e8re, celle de l\u2019esp\u00e9rance qui ne trompe pas.<br \/>\nOui, avec Marie ne fuyons pas le drame humain, mais avec elle en contemplant la croix, tenons ferme la promesse divine et avec elle soyons les t\u00e9moins et les acteurs de l\u2019esp\u00e9rance que nous donne la victoire du Christ.<\/p>\n<p>&nbsp;<\/p>","protected":false},"excerpt":{"rendered":"<p>Jean 19, 22-25 (f\u00e8re Marie) Marie, la m\u00e8re de J\u00e9sus se tient l\u00e0 en pr\u00e9sence d\u2019autres femmes, debout sous la croix de son fils. C\u2019est un moment terrible de douleur pour le c\u0153ur d\u2019une m\u00e8re et cependant elle est debout, comme un arbre d\u2019esp\u00e9rance plant\u00e9 au c\u0153ur d\u2019un drame, car en elle son Fils a [&hellip;]<\/p>","protected":false},"author":3,"featured_media":3488,"comment_status":"closed","ping_status":"closed","sticky":false,"template":"","format":"standard","meta":{"_acf_changed":false,"_seopress_robots_primary_cat":"none","_seopress_titles_title":"","_seopress_titles_desc":"","_seopress_robots_index":"","footnotes":""},"categories":[5,7],"tags":[],"class_list":["post-1319","post","type-post","status-publish","format-standard","has-post-thumbnail","hentry","category-homelie","category-themes-bibliques"],"acf":[],"_links":{"self":[{"href":"https:\/\/www.abbayedelerins.com\/en\/wp-json\/wp\/v2\/posts\/1319","targetHints":{"allow":["GET"]}}],"collection":[{"href":"https:\/\/www.abbayedelerins.com\/en\/wp-json\/wp\/v2\/posts"}],"about":[{"href":"https:\/\/www.abbayedelerins.com\/en\/wp-json\/wp\/v2\/types\/post"}],"author":[{"embeddable":true,"href":"https:\/\/www.abbayedelerins.com\/en\/wp-json\/wp\/v2\/users\/3"}],"replies":[{"embeddable":true,"href":"https:\/\/www.abbayedelerins.com\/en\/wp-json\/wp\/v2\/comments?post=1319"}],"version-history":[{"count":1,"href":"https:\/\/www.abbayedelerins.com\/en\/wp-json\/wp\/v2\/posts\/1319\/revisions"}],"predecessor-version":[{"id":1322,"href":"https:\/\/www.abbayedelerins.com\/en\/wp-json\/wp\/v2\/posts\/1319\/revisions\/1322"}],"wp:featuredmedia":[{"embeddable":true,"href":"https:\/\/www.abbayedelerins.com\/en\/wp-json\/wp\/v2\/media\/3488"}],"wp:attachment":[{"href":"https:\/\/www.abbayedelerins.com\/en\/wp-json\/wp\/v2\/media?parent=1319"}],"wp:term":[{"taxonomy":"category","embeddable":true,"href":"https:\/\/www.abbayedelerins.com\/en\/wp-json\/wp\/v2\/categories?post=1319"},{"taxonomy":"post_tag","embeddable":true,"href":"https:\/\/www.abbayedelerins.com\/en\/wp-json\/wp\/v2\/tags?post=1319"}],"curies":[{"name":"wp","href":"https:\/\/api.w.org\/{rel}","templated":true}]}}