{"id":1315,"date":"2024-11-21T09:04:37","date_gmt":"2024-11-21T08:04:37","guid":{"rendered":"https:\/\/www.abbayedelerins.com\/?p=1315"},"modified":"2024-12-21T13:41:11","modified_gmt":"2024-12-21T12:41:11","slug":"luc-1-46-56-magnificat","status":"publish","type":"post","link":"https:\/\/www.abbayedelerins.com\/en\/luc-1-46-56-magnificat\/","title":{"rendered":"Luke 1, 46-56 Magnificat"},"content":{"rendered":"<h3>Mon \u00e2me exalte le Seigneur (fr\u00e8re Marie)<\/h3>\n<p>Marie chante la promesse de Dieu.<br \/>\nMarie exulte car le Seigneur ne perd pas la m\u00e9moire, en Dieu la promesse et la m\u00e9moire ne font qu\u2019un. Non seulement Dieu promet, mais aussi il se compromet. Non seulement il se souvient de son dessein cr\u00e9ateur mais de plus il s\u2019engage dans notre histoire humaine pour nous sauver et accomplir notre destin\u00e9e. Dieu se souvient de son amour et de ses entrailles de mis\u00e9ricorde.<br \/>\nMarie chante la fid\u00e9lit\u00e9 \u00e9ternelle du Seigneur, qu\u2019aucun obstacle d\u00fb au mal, quel qu\u2019il soit, ne peut d\u00e9tourner.<br \/>\nL\u2019humilit\u00e9 que chante Marie est bien celle du pauvre de c\u0153ur qui se laisse envahir par cette promesse divine, promesse que seul le Seigneur peut r\u00e9aliser en elle, mais qui ne peut s\u2019accomplir sans son d\u00e9sir et son consentement \u00e0 elle. Ainsi cette promesse, par le Christ J\u00e9sus, se r\u00e9alise aussi en nous et elle ne peut se r\u00e9aliser sans nous. Cette promesse accompagne notre chemin d\u2019humanit\u00e9 d\u2019\u00e2ge en \u00e2ge. Le Christ, par la r\u00e9volution de l\u2019Evangile, non seulement nous rend participants de cette promesse, mais nous en rend aussi porteur, comme Marie qui offre J\u00e9sus au monde. Cette promesse, qui de prime abord est obscure aux c\u0153urs des hommes, nous est devenue manifeste. Elle est pr\u00e9sence de Dieu \u00e0 nos vies pour vivifier et fortifier nos chemins d\u2019humanit\u00e9, nos chemins d\u2019enfants de Dieu.<br \/>\nOui, en ces temps anxiog\u00e8nes que nous traversons, ou trop de haine, de fureur des armes, de difficult\u00e9s sociales et de replis identitaires se font entendre, faisons avec Marie m\u00e9moire de cette promesse vivante de Dieu toujours active au c\u0153ur de notre foi. Que cette promesse, comme les vagues incessantes de la mer, petit \u00e0 petit, gagne nos rivages d\u2019humanit\u00e9 et nous ouvre \u00e0 notre vraie nature d\u2019enfants de Dieu et de fraternit\u00e9 en Christ.<\/p>\n<p>&nbsp;<\/p>","protected":false},"excerpt":{"rendered":"<p>Mon \u00e2me exalte le Seigneur (fr\u00e8re Marie) Marie chante la promesse de Dieu. Marie exulte car le Seigneur ne perd pas la m\u00e9moire, en Dieu la promesse et la m\u00e9moire ne font qu\u2019un. Non seulement Dieu promet, mais aussi il se compromet. Non seulement il se souvient de son dessein cr\u00e9ateur mais de plus il [&hellip;]<\/p>","protected":false},"author":3,"featured_media":3488,"comment_status":"closed","ping_status":"closed","sticky":false,"template":"","format":"standard","meta":{"_acf_changed":false,"_seopress_robots_primary_cat":"none","_seopress_titles_title":"","_seopress_titles_desc":"","_seopress_robots_index":"","footnotes":""},"categories":[5,7],"tags":[],"class_list":["post-1315","post","type-post","status-publish","format-standard","has-post-thumbnail","hentry","category-homelie","category-themes-bibliques"],"acf":[],"_links":{"self":[{"href":"https:\/\/www.abbayedelerins.com\/en\/wp-json\/wp\/v2\/posts\/1315","targetHints":{"allow":["GET"]}}],"collection":[{"href":"https:\/\/www.abbayedelerins.com\/en\/wp-json\/wp\/v2\/posts"}],"about":[{"href":"https:\/\/www.abbayedelerins.com\/en\/wp-json\/wp\/v2\/types\/post"}],"author":[{"embeddable":true,"href":"https:\/\/www.abbayedelerins.com\/en\/wp-json\/wp\/v2\/users\/3"}],"replies":[{"embeddable":true,"href":"https:\/\/www.abbayedelerins.com\/en\/wp-json\/wp\/v2\/comments?post=1315"}],"version-history":[{"count":2,"href":"https:\/\/www.abbayedelerins.com\/en\/wp-json\/wp\/v2\/posts\/1315\/revisions"}],"predecessor-version":[{"id":1325,"href":"https:\/\/www.abbayedelerins.com\/en\/wp-json\/wp\/v2\/posts\/1315\/revisions\/1325"}],"wp:featuredmedia":[{"embeddable":true,"href":"https:\/\/www.abbayedelerins.com\/en\/wp-json\/wp\/v2\/media\/3488"}],"wp:attachment":[{"href":"https:\/\/www.abbayedelerins.com\/en\/wp-json\/wp\/v2\/media?parent=1315"}],"wp:term":[{"taxonomy":"category","embeddable":true,"href":"https:\/\/www.abbayedelerins.com\/en\/wp-json\/wp\/v2\/categories?post=1315"},{"taxonomy":"post_tag","embeddable":true,"href":"https:\/\/www.abbayedelerins.com\/en\/wp-json\/wp\/v2\/tags?post=1315"}],"curies":[{"name":"wp","href":"https:\/\/api.w.org\/{rel}","templated":true}]}}