{"id":11702,"date":"2025-08-30T08:53:32","date_gmt":"2025-08-30T06:53:32","guid":{"rendered":"https:\/\/www.abbayedelerins.com\/?p=11702"},"modified":"2025-09-01T12:16:43","modified_gmt":"2025-09-01T10:16:43","slug":"11702-2","status":"publish","type":"post","link":"https:\/\/www.abbayedelerins.com\/en\/11702-2\/","title":{"rendered":"Journ\u00e9es du patrimoine 2025"},"content":{"rendered":"<p><img loading=\"lazy\" decoding=\"async\" class=\"aligncenter size-medium wp-image-11703\" src=\"https:\/\/www.abbayedelerins.com\/wp-content\/uploads\/2025\/08\/capture-decran-2025-08-30-a-08.49.21-243x300.png\" alt=\"capture d\u2019\u00e9cran 2025 08 30 \u00e0 08.49.21\" width=\"243\" height=\"300\" srcset=\"https:\/\/www.abbayedelerins.com\/wp-content\/uploads\/2025\/08\/capture-decran-2025-08-30-a-08.49.21-243x300.png 243w, https:\/\/www.abbayedelerins.com\/wp-content\/uploads\/2025\/08\/capture-decran-2025-08-30-a-08.49.21-10x12.png 10w, https:\/\/www.abbayedelerins.com\/wp-content\/uploads\/2025\/08\/capture-decran-2025-08-30-a-08.49.21.png 417w\" sizes=\"auto, (max-width: 243px) 100vw, 243px\" \/><\/p>\n<p style=\"font-weight: 400; text-align: center;\">A l\u2019occasion des Journ\u00e9es europ\u00e9ennes du patrimoine 2025, venez d\u00e9couvrir les \u00ab\u00a0tr\u00e9sors cach\u00e9s\u00a0\u00bb du patrimoine architectural de l\u2019\u00eele Saint-Honorat.<\/p>\n<p style=\"font-weight: 400; text-align: center;\">Le samedi 20 septembre et dimanche 21 septembre vous pourrez visiter les b\u00e2timents habituellement ferm\u00e9es au public : la tour-monast\u00e8re (en travaux depuis 5 ans), la chapelle St Sauveur, la chapelle de la Trinit\u00e9, mais \u00e9galement le clo\u00eetre m\u00e9di\u00e9val.<\/p>\n<p style=\"font-weight: 400; text-align: center;\">Retrouvez ici tous les horaires des visites\u00a0<a href=\"https:\/\/openagenda.com\/fr\/jep-2025-provence-alpes-cote-dazur\/events\/visites-guidees-du-patrimoine-architectural-de-labbaye-de-lerins\"><strong>ICI<\/strong><\/a><\/p>\n<p style=\"font-weight: 400; text-align: center;\">Ces visites sont gratuites et sans r\u00e9servation, mais vous devez toutefois r\u00e9cup\u00e9rer un ticket devant le d\u00e9barcad\u00e8re en arrivant sur l\u2019\u00eele.<\/p>\n<p style=\"font-weight: 400; text-align: center;\">Vous pouvez acheter vos billets de bateau \u00a0<a href=\"https:\/\/www.cannes-ilesdelerins.com\/fr\/billetterie\/#commande-billet\"><strong>ICI<\/strong><\/a><\/p>\n<p style=\"font-weight: 400; text-align: center;\">\u00c0 l&rsquo;issue des visites, une d\u00e9gustation du vin de l\u2019abbaye vous est propos\u00e9e \u00e0 la boutique, sous les arcades, \u00e0 c\u00f4t\u00e9 de l&rsquo;entr\u00e9e \u00e0 l&rsquo;abbaye.<\/p>","protected":false},"excerpt":{"rendered":"<p>A l\u2019occasion des Journ\u00e9es europ\u00e9ennes du patrimoine 2025, venez d\u00e9couvrir les \u00ab\u00a0tr\u00e9sors cach\u00e9s\u00a0\u00bb du patrimoine architectural de l\u2019\u00eele Saint-Honorat. Le samedi 20 septembre et dimanche 21 septembre vous pourrez visiter les b\u00e2timents habituellement ferm\u00e9es au public : la tour-monast\u00e8re (en travaux depuis 5 ans), la chapelle St Sauveur, la chapelle de la Trinit\u00e9, mais \u00e9galement [&hellip;]<\/p>","protected":false},"author":4,"featured_media":11703,"comment_status":"closed","ping_status":"closed","sticky":false,"template":"","format":"standard","meta":{"_acf_changed":false,"_seopress_robots_primary_cat":"none","_seopress_titles_title":"","_seopress_titles_desc":"","_seopress_robots_index":"","footnotes":""},"categories":[4],"tags":[],"class_list":["post-11702","post","type-post","status-publish","format-standard","has-post-thumbnail","hentry","category-actualite"],"acf":[],"_links":{"self":[{"href":"https:\/\/www.abbayedelerins.com\/en\/wp-json\/wp\/v2\/posts\/11702","targetHints":{"allow":["GET"]}}],"collection":[{"href":"https:\/\/www.abbayedelerins.com\/en\/wp-json\/wp\/v2\/posts"}],"about":[{"href":"https:\/\/www.abbayedelerins.com\/en\/wp-json\/wp\/v2\/types\/post"}],"author":[{"embeddable":true,"href":"https:\/\/www.abbayedelerins.com\/en\/wp-json\/wp\/v2\/users\/4"}],"replies":[{"embeddable":true,"href":"https:\/\/www.abbayedelerins.com\/en\/wp-json\/wp\/v2\/comments?post=11702"}],"version-history":[{"count":5,"href":"https:\/\/www.abbayedelerins.com\/en\/wp-json\/wp\/v2\/posts\/11702\/revisions"}],"predecessor-version":[{"id":11722,"href":"https:\/\/www.abbayedelerins.com\/en\/wp-json\/wp\/v2\/posts\/11702\/revisions\/11722"}],"wp:featuredmedia":[{"embeddable":true,"href":"https:\/\/www.abbayedelerins.com\/en\/wp-json\/wp\/v2\/media\/11703"}],"wp:attachment":[{"href":"https:\/\/www.abbayedelerins.com\/en\/wp-json\/wp\/v2\/media?parent=11702"}],"wp:term":[{"taxonomy":"category","embeddable":true,"href":"https:\/\/www.abbayedelerins.com\/en\/wp-json\/wp\/v2\/categories?post=11702"},{"taxonomy":"post_tag","embeddable":true,"href":"https:\/\/www.abbayedelerins.com\/en\/wp-json\/wp\/v2\/tags?post=11702"}],"curies":[{"name":"wp","href":"https:\/\/api.w.org\/{rel}","templated":true}]}}