{"id":1165,"date":"2024-11-20T23:34:32","date_gmt":"2024-11-20T22:34:32","guid":{"rendered":"https:\/\/www.abbayedelerins.com\/?p=1165"},"modified":"2024-11-20T23:37:06","modified_gmt":"2024-11-20T22:37:06","slug":"moines-gardiens-de-la-creation","status":"publish","type":"post","link":"https:\/\/www.abbayedelerins.com\/en\/moines-gardiens-de-la-creation\/","title":{"rendered":"Moines, gardiens de la cr\u00e9ation"},"content":{"rendered":"<p>God save the Green\u00ae, c&rsquo;est le projet d&rsquo;une ann\u00e9e au rythme des chapitres de l&rsquo;encyclique Laudato Si&rsquo;. Apr\u00e8s quatre mois en paroisses, je suis partie en tour de France de l&rsquo;Eglise Verte de France, et notamment des monast\u00e8res et paroisses en conversion \u00e9cologique. Pour cette quatri\u00e8me rencontre, me voici aupr\u00e8s des moines cisterciens de l&rsquo;abbaye de L\u00e9rins. Ce petit film vous apportera un autre regard sur cette \u00eele connue pour son tourisme : partez donc \u00e0 la d\u00e9couverte des engagements de la communaut\u00e9s pour la pr\u00e9servation de la biodiversit\u00e9 et du littoral ! Belle d\u00e9couverte \u00e0 tous, et surtout n&rsquo;oubliez pas, d&rsquo;aimer, de prier et de semer.<\/p>\n<p><iframe loading=\"lazy\" title=\"God save the Green - Les moines de L\u00e9rins, gardiens de la Cr\u00e9ation (Ile Saint Honorat)\" width=\"500\" height=\"281\" src=\"https:\/\/www.youtube.com\/embed\/HJyh_3ZzKrQ?feature=oembed\" frameborder=\"0\" allow=\"accelerometer; autoplay; clipboard-write; encrypted-media; gyroscope; picture-in-picture; web-share\" referrerpolicy=\"strict-origin-when-cross-origin\" allowfullscreen><\/iframe><\/p>","protected":false},"excerpt":{"rendered":"<p>God save the Green\u00ae, c&rsquo;est le projet d&rsquo;une ann\u00e9e au rythme des chapitres de l&rsquo;encyclique Laudato Si&rsquo;. Apr\u00e8s quatre mois en paroisses, je suis partie en tour de France de l&rsquo;Eglise Verte de France, et notamment des monast\u00e8res et paroisses en conversion \u00e9cologique. Pour cette quatri\u00e8me rencontre, me voici aupr\u00e8s des moines cisterciens de l&rsquo;abbaye [&hellip;]<\/p>","protected":false},"author":3,"featured_media":0,"comment_status":"closed","ping_status":"closed","sticky":false,"template":"","format":"standard","meta":{"_acf_changed":false,"_seopress_robots_primary_cat":"none","_seopress_titles_title":"","_seopress_titles_desc":"","_seopress_robots_index":"","footnotes":""},"categories":[4,8],"tags":[],"class_list":["post-1165","post","type-post","status-publish","format-standard","hentry","category-actualite","category-video"],"acf":[],"_links":{"self":[{"href":"https:\/\/www.abbayedelerins.com\/en\/wp-json\/wp\/v2\/posts\/1165","targetHints":{"allow":["GET"]}}],"collection":[{"href":"https:\/\/www.abbayedelerins.com\/en\/wp-json\/wp\/v2\/posts"}],"about":[{"href":"https:\/\/www.abbayedelerins.com\/en\/wp-json\/wp\/v2\/types\/post"}],"author":[{"embeddable":true,"href":"https:\/\/www.abbayedelerins.com\/en\/wp-json\/wp\/v2\/users\/3"}],"replies":[{"embeddable":true,"href":"https:\/\/www.abbayedelerins.com\/en\/wp-json\/wp\/v2\/comments?post=1165"}],"version-history":[{"count":1,"href":"https:\/\/www.abbayedelerins.com\/en\/wp-json\/wp\/v2\/posts\/1165\/revisions"}],"predecessor-version":[{"id":1168,"href":"https:\/\/www.abbayedelerins.com\/en\/wp-json\/wp\/v2\/posts\/1165\/revisions\/1168"}],"wp:attachment":[{"href":"https:\/\/www.abbayedelerins.com\/en\/wp-json\/wp\/v2\/media?parent=1165"}],"wp:term":[{"taxonomy":"category","embeddable":true,"href":"https:\/\/www.abbayedelerins.com\/en\/wp-json\/wp\/v2\/categories?post=1165"},{"taxonomy":"post_tag","embeddable":true,"href":"https:\/\/www.abbayedelerins.com\/en\/wp-json\/wp\/v2\/tags?post=1165"}],"curies":[{"name":"wp","href":"https:\/\/api.w.org\/{rel}","templated":true}]}}