{"id":11527,"date":"2025-08-19T11:36:30","date_gmt":"2025-08-19T09:36:30","guid":{"rendered":"https:\/\/www.abbayedelerins.com\/?p=11527"},"modified":"2025-08-19T11:36:30","modified_gmt":"2025-08-19T09:36:30","slug":"solennite-de-lassomption","status":"publish","type":"post","link":"https:\/\/www.abbayedelerins.com\/en\/solennite-de-lassomption\/","title":{"rendered":"Solennit\u00e9 de l&rsquo;Assomption"},"content":{"rendered":"<div>\n<p class=\"Corps\">Chers Fr\u00e8res et Soeurs,<\/p>\n<\/div>\n<div>\n<p class=\"Corps\">En ces jours l\u00e0, c\u2019est \u00e0 dire suivant l\u2019usage de ce mot dans la Bible, alors que nous sommes dans le temps du salut, en ces jours l\u00e0 c\u2019est \u00e0 dire apr\u00e8s que Marie ait r\u00e9pondu \u00e0 l\u2019annonce de l\u2019ange : \u00abVoici la servante du Seigneur\u00a0; que tout m\u2019advienne selon ta parole\u00a0\u00bb, Marie se mit en route et nous voici en chemin avec elle. Tout ce que nous venons d\u2019entendre dans l\u2019\u00c9vangile de ce jour est comme un commentaire et une r\u00e9ponse au oui sans limite que Marie donne au projet de Dieu que l\u2019ange lui a annonc\u00e9. Si c\u2019est par ce oui que le salut est entr\u00e9 dans le monde, nous sommes invit\u00e9s \u00e0 nous y associer.<\/p>\n<\/div>\n<div>\n<p class=\"Corps\">Aujourd\u2019hui, nous f\u00eatons Marie entr\u00e9e dans la gloire du ciel dans son \u00e2me et son corps et la liturgie est remplie d\u2019images glorieuses et lumineuses. Nous demandons de pouvoir partager la gloire de Marie et le Magnificat nous donne un itin\u00e9raire pour nous laisser conduire par la gr\u00e2ce. Nous entendons d\u2019abord Marie chanter la gr\u00e2ce qui lui a \u00e9t\u00e9 faite, elle, l\u2019humble servante, mais cette gr\u00e2ce n\u2019est pas seulement pour elle. Elle est, dans le Christ, pour tout Israel et \u00e0 travers lui pour toute l\u2019humanit\u00e9.<\/p>\n<\/div>\n<div>\n<p class=\"Corps\">Marie est la servante du Seigneur par un appel totalement gratuit du cr\u00e9ateur de toutes choses. Bien qu\u2019elle ne soit ni de haut rang, ni de classe sacerdotale, elle est servante comme Mo\u00efse l\u2019exil\u00e9 en terre \u00e9trang\u00e8re est serviteur, comme David que rien ne semble destiner \u00e0 la royaut\u00e9 car trop jeune est serviteur, comme l\u2019est aussi ce myst\u00e9rieux serviteur souffrant dont parle le proph\u00e8te Isa\u00efe. Elle est servante c\u2019est \u00e0 dire totalement \u00e0 l\u2019\u00e9coute de la Parole de Dieu. \u00ab\u00a0Que tout m\u2019advienne selon ta parole\u00a0\u00bb, ces simples mots qu\u2019elle adresse \u00e0 l\u2019ange manifeste son ob\u00e9issance puisqu\u2019ob\u00e9ir c\u2019est \u00e9couter. Par l\u2019intercession de la Bienheureuse Vierge Marie demandons d\u2019\u00eatre \u00e0 l\u2019\u00e9coute de la Parole pour devenir chacun \u00e0 notre place des serviteurs du dessein de salut et d\u2019amour du P\u00e8re Tout Puissant.<\/p>\n<\/div>\n<div>\n<p class=\"Corps\">Chers Fr\u00e8res et Soeurs,<\/p>\n<\/div>\n<div>\n<p class=\"Corps\">Contemplons \u00e0 travers le Cantique de Marie le dessein de Dieu sur chacun d\u2019entre nous et sur tous les hommes. Car si Dieu est Le P\u00e8re Puissant dont le nom est Saint, c\u2019est d\u2019abord sa mis\u00e9ricorde qui s\u2019\u00e9tend d\u2019\u00e2ge en \u00e2ge que Marie chante. S\u2019il est le Tout Autre, Marie nous manifeste et nous chante qu\u2019il s\u2019est fait le tout proche, que l\u2019\u00e9ternel est entr\u00e9 dans le temps, qu\u2019il s\u2019est fait l\u2019un de nous dans son fils. Et le Tout Puissant devenu Tout Proche \u00e9l\u00e8ve les humbles, disperse les superbes, renverse les puissants, comble de biens les affam\u00e9s. Marie \u00e9lev\u00e9e dans la Gloire, dans son humilit\u00e9 ne fait que souligner la v\u00e9rit\u00e9 du chemin que le Christ nous a ouvert par la Croix. C\u2019est ce chemin que Notre P\u00e8re Saint Beno\u00eet a lui aussi d\u00e9crit lorsqu\u2019il dit que l\u2019on monte par l\u2019humilit\u00e9 et que l\u2019on descend par l\u2019\u00e9l\u00e8vement. C\u2019est celui que David avait\u00a0 annonc\u00e9 en chantant : \u00ab\u00a0Seigneur, je n\u2019ai pas le coeur fier, ni le regard ambitieux\u00a0\u00bb. Marie nous invite en ce jour \u00e0 tout laisser pour nous mettre \u00e0 la suite du Christ. Elle nous manifeste le renversement des valeurs que son Fils r\u00e9alise. Marchant ensemble \u00e0 la suite du Christ, c\u2019est un chemin d\u2019humilit\u00e9, d\u2019accueil des pauvres et des petits, de partage de la mis\u00e9ricorde qui s\u2019ouvre devant nous pour nous conduire \u00e0 la gloire comme de bons serviteurs.<\/p>\n<\/div>\n<div>\n<p class=\"Corps\">\u00ab\u00a0Mon \u00e2me est en moi comme un petit enfant, comme un petit enfant contre sa m\u00e8re. Attends le Seigneur Isra\u00ebl, maintenant et \u00e0 jamais\u00a0\u00bb.<\/p>\n<\/div>\n<p>P\u00e8re abb\u00e9 Vladimir<\/p>","protected":false},"excerpt":{"rendered":"<p>Chers Fr\u00e8res et Soeurs, En ces jours l\u00e0, c\u2019est \u00e0 dire suivant l\u2019usage de ce mot dans la Bible, alors que nous sommes dans le temps du salut, en ces jours l\u00e0 c\u2019est \u00e0 dire apr\u00e8s que Marie ait r\u00e9pondu \u00e0 l\u2019annonce de l\u2019ange : \u00abVoici la servante du Seigneur\u00a0; que tout m\u2019advienne selon ta [&hellip;]<\/p>","protected":false},"author":4,"featured_media":3488,"comment_status":"closed","ping_status":"closed","sticky":false,"template":"","format":"standard","meta":{"_acf_changed":false,"_seopress_robots_primary_cat":"none","_seopress_titles_title":"","_seopress_titles_desc":"","_seopress_robots_index":"","footnotes":""},"categories":[5],"tags":[],"class_list":["post-11527","post","type-post","status-publish","format-standard","has-post-thumbnail","hentry","category-homelie"],"acf":[],"_links":{"self":[{"href":"https:\/\/www.abbayedelerins.com\/en\/wp-json\/wp\/v2\/posts\/11527","targetHints":{"allow":["GET"]}}],"collection":[{"href":"https:\/\/www.abbayedelerins.com\/en\/wp-json\/wp\/v2\/posts"}],"about":[{"href":"https:\/\/www.abbayedelerins.com\/en\/wp-json\/wp\/v2\/types\/post"}],"author":[{"embeddable":true,"href":"https:\/\/www.abbayedelerins.com\/en\/wp-json\/wp\/v2\/users\/4"}],"replies":[{"embeddable":true,"href":"https:\/\/www.abbayedelerins.com\/en\/wp-json\/wp\/v2\/comments?post=11527"}],"version-history":[{"count":1,"href":"https:\/\/www.abbayedelerins.com\/en\/wp-json\/wp\/v2\/posts\/11527\/revisions"}],"predecessor-version":[{"id":11528,"href":"https:\/\/www.abbayedelerins.com\/en\/wp-json\/wp\/v2\/posts\/11527\/revisions\/11528"}],"wp:featuredmedia":[{"embeddable":true,"href":"https:\/\/www.abbayedelerins.com\/en\/wp-json\/wp\/v2\/media\/3488"}],"wp:attachment":[{"href":"https:\/\/www.abbayedelerins.com\/en\/wp-json\/wp\/v2\/media?parent=11527"}],"wp:term":[{"taxonomy":"category","embeddable":true,"href":"https:\/\/www.abbayedelerins.com\/en\/wp-json\/wp\/v2\/categories?post=11527"},{"taxonomy":"post_tag","embeddable":true,"href":"https:\/\/www.abbayedelerins.com\/en\/wp-json\/wp\/v2\/tags?post=11527"}],"curies":[{"name":"wp","href":"https:\/\/api.w.org\/{rel}","templated":true}]}}