{"id":11442,"date":"2025-08-10T09:12:59","date_gmt":"2025-08-10T07:12:59","guid":{"rendered":"https:\/\/www.abbayedelerins.com\/?p=11442"},"modified":"2025-08-12T09:15:09","modified_gmt":"2025-08-12T07:15:09","slug":"19e-dimanche-du-to-c-10-aout-2025","status":"publish","type":"post","link":"https:\/\/www.abbayedelerins.com\/en\/19e-dimanche-du-to-c-10-aout-2025\/","title":{"rendered":"19e dimanche du Temps Ordinaire"},"content":{"rendered":"<p style=\"font-weight: 400;\">Chers fr\u00e8res et s\u0153urs, chaque fois que nous c\u00e9l\u00e9brons l\u2019Eucharistie nous r\u00e9p\u00e9tons\u00a0: \u00ab\u00a0Nous annon\u00e7ons ta mort, Seigneur J\u00e9sus, nous proclamons ta r\u00e9surrection, nous attendons ta venue dans la gloire.\u00a0\u00bb Et cette confession de foi dit le cadre dans lequel s\u2019inscrit notre vie de chr\u00e9tiens\u00a0: sauv\u00e9s par la mort et la r\u00e9surrection de J\u00e9sus Christ, d\u00e9sormais nous attendons sa venue dans la gloire.<\/p>\n<p style=\"font-weight: 400;\">Lorsque saint Paul, dans sa premi\u00e8re lettre aux Corinthiens, nous transmet le t\u00e9moignage le plus ancien de l\u2019institution de l\u2019Eucharistie, apr\u00e8s avoir rapport\u00e9 les paroles de J\u00e9sus\u00a0: \u00ab\u00a0Faites cela en m\u00e9moire de moi\u00a0\u00bb, il conclut\u00a0: \u00ab\u00a0Ainsi donc, chaque fois que vous mangez ce pain et que vous buvez cette coupe, vous proclamez la mort du Seigneur, jusqu\u2019\u00e0 ce qu\u2019il vienne\u00a0\u00bb (1 Co 11,23-26).<\/p>\n<p style=\"font-weight: 400;\">C\u2019est ce que rappelle notre acclamation\u00a0: \u00ab\u00a0Nous annon\u00e7ons ta mort, Seigneur J\u00e9sus, nous proclamons ta r\u00e9surrection, nous attendons ta venue dans la gloire.\u00a0\u00bb<\/p>\n<p style=\"font-weight: 400;\">Comment devons-nous traduire cela dans notre vie\u00a0? Dans l\u2019\u00e9vangile que nous venons d\u2019entendre, J\u00e9sus disait \u00e0 ses disciples\u00a0: \u00ab\u00a0Soyez comme des gens qui attendent leur ma\u00eetre \u00e0 son retour des noces, pour lui ouvrir d\u00e8s qu\u2019il arrivera et frappera \u00e0 la porte.\u00a0\u00bb Et encore\u00a0: \u00ab\u00a0tenez-vous pr\u00eats\u00a0: c\u2019est \u00e0 l\u2019heure o\u00f9 vous n\u2019y penserez pas que le Fils de l\u2019homme viendra.\u00a0\u00bb<\/p>\n<p style=\"font-weight: 400;\">Saint Beno\u00eet, dans sa R\u00e8gle pour les moines, dit quelque chose qui nous aide \u00e0 vivre comme des gens qui attendent leur ma\u00eetre et \u00e0 nous tenir pr\u00eats. Il le dit aux moines, mais cela vaut pour nous tous\u00a0: \u00ab\u00a0Le Seigneur attend de nous que nous r\u00e9pondions chaque jour par nos \u0153uvres \u00e0 ses saintes le\u00e7ons. S\u2019il prolonge comme une tr\u00eave les jours de notre vie, c\u2019est pour l\u2019amendement de nos p\u00e9ch\u00e9s, selon cette parole de l\u2019Ap\u00f4tre\u00a0: \u201cIgnores-tu que la patience de Dieu te convie \u00e0 la p\u00e9nitence\u00a0?\u201d Car ce doux Seigneur affirme\u00a0: \u201cJe ne veux pas la mort du p\u00e9cheur, mais qu\u2019il se convertisse et qu\u2019il vive.\u201d\u00a0\u00bb (RB Prologue, 35-38. Rm 2,4 \u2013 Ez 33,11)<\/p>\n<p style=\"font-weight: 400;\">L\u2019image est parlante\u00a0: les jours de notre vie comme une tr\u00eave, comme un temps o\u00f9, chaque jour, nous pouvons nous reprendre, o\u00f9, chaque jour, nous avons encore la possibilit\u00e9 de faire ce que nous voulions faire et que, dans notre faiblesse, nous n\u2019avons pas encore fait.<\/p>\n<p style=\"font-weight: 400;\">\u00ab\u00a0Sois sans crainte, petit troupeau \u2013 nous a dit J\u00e9sus \u2013\u00a0: votre P\u00e8re a trouv\u00e9 bon de vous donner le Royaume.\u00a0\u00bb Et pour nous rappeler notre responsabilit\u00e9 il concluait\u00a0: \u00ab\u00a0\u00c0 qui l\u2019on a beaucoup donn\u00e9, on demandera beaucoup\u00a0; \u00e0 qui l\u2019on a beaucoup confi\u00e9, on r\u00e9clamera davantage.\u00a0\u00bb<\/p>\n<p style=\"font-weight: 400;\">Tant que nous vivons ces jours de tr\u00eave, tant que le Seigneur attend de nous que nous r\u00e9pondions chaque jour par nos \u0153uvres \u00e0 ses saintes le\u00e7ons, vivons ce que nous disons chaque fois que nous c\u00e9l\u00e9brons l\u2019Eucharistie\u00a0: \u00ab\u00a0Nous annon\u00e7ons ta mort, Seigneur J\u00e9sus, nous proclamons ta r\u00e9surrection, nous attendons ta venue dans la gloire.\u00a0\u00bb<\/p>\n<p>&nbsp;<\/p>\n<p>Fr Bartomeu<\/p>","protected":false},"excerpt":{"rendered":"<p>Chers fr\u00e8res et s\u0153urs, chaque fois que nous c\u00e9l\u00e9brons l\u2019Eucharistie nous r\u00e9p\u00e9tons\u00a0: \u00ab\u00a0Nous annon\u00e7ons ta mort, Seigneur J\u00e9sus, nous proclamons ta r\u00e9surrection, nous attendons ta venue dans la gloire.\u00a0\u00bb Et cette confession de foi dit le cadre dans lequel s\u2019inscrit notre vie de chr\u00e9tiens\u00a0: sauv\u00e9s par la mort et la r\u00e9surrection de J\u00e9sus Christ, d\u00e9sormais [&hellip;]<\/p>","protected":false},"author":4,"featured_media":3488,"comment_status":"closed","ping_status":"closed","sticky":false,"template":"","format":"standard","meta":{"_acf_changed":false,"_seopress_robots_primary_cat":"none","_seopress_titles_title":"","_seopress_titles_desc":"","_seopress_robots_index":"","footnotes":""},"categories":[5],"tags":[],"class_list":["post-11442","post","type-post","status-publish","format-standard","has-post-thumbnail","hentry","category-homelie"],"acf":[],"_links":{"self":[{"href":"https:\/\/www.abbayedelerins.com\/en\/wp-json\/wp\/v2\/posts\/11442","targetHints":{"allow":["GET"]}}],"collection":[{"href":"https:\/\/www.abbayedelerins.com\/en\/wp-json\/wp\/v2\/posts"}],"about":[{"href":"https:\/\/www.abbayedelerins.com\/en\/wp-json\/wp\/v2\/types\/post"}],"author":[{"embeddable":true,"href":"https:\/\/www.abbayedelerins.com\/en\/wp-json\/wp\/v2\/users\/4"}],"replies":[{"embeddable":true,"href":"https:\/\/www.abbayedelerins.com\/en\/wp-json\/wp\/v2\/comments?post=11442"}],"version-history":[{"count":2,"href":"https:\/\/www.abbayedelerins.com\/en\/wp-json\/wp\/v2\/posts\/11442\/revisions"}],"predecessor-version":[{"id":11444,"href":"https:\/\/www.abbayedelerins.com\/en\/wp-json\/wp\/v2\/posts\/11442\/revisions\/11444"}],"wp:featuredmedia":[{"embeddable":true,"href":"https:\/\/www.abbayedelerins.com\/en\/wp-json\/wp\/v2\/media\/3488"}],"wp:attachment":[{"href":"https:\/\/www.abbayedelerins.com\/en\/wp-json\/wp\/v2\/media?parent=11442"}],"wp:term":[{"taxonomy":"category","embeddable":true,"href":"https:\/\/www.abbayedelerins.com\/en\/wp-json\/wp\/v2\/categories?post=11442"},{"taxonomy":"post_tag","embeddable":true,"href":"https:\/\/www.abbayedelerins.com\/en\/wp-json\/wp\/v2\/tags?post=11442"}],"curies":[{"name":"wp","href":"https:\/\/api.w.org\/{rel}","templated":true}]}}