{"id":11376,"date":"2025-08-06T10:24:36","date_gmt":"2025-08-06T08:24:36","guid":{"rendered":"https:\/\/www.abbayedelerins.com\/?p=11376"},"modified":"2025-08-07T10:27:51","modified_gmt":"2025-08-07T08:27:51","slug":"fete-de-la-transfiguration","status":"publish","type":"post","link":"https:\/\/www.abbayedelerins.com\/en\/fete-de-la-transfiguration\/","title":{"rendered":"F\u00eate de la Transfiguration"},"content":{"rendered":"<div>\n<p class=\"Corps\">Chers Fr\u00e8res et Soeurs,<\/p>\n<\/div>\n<div>\n<p class=\"Corps\">Nous venons d\u2019entendre le r\u00e9cit de la Transfiguration du Sauveur suivant saint Luc. Il y a dans l\u2019\u00c9vangile de Luc 3 passages o\u00f9 nous voyons J\u00e9sus prier et cette pri\u00e8re s\u2019accompagner d\u2019une manifestation soulignant son lien avec le P\u00e8re. Au bord du Jourdain lors de son bapt\u00eame, J\u00e9sus prie, l\u2019Esprit se manifeste sous forme de colombe et la voix du P\u00e8re se fait entendre: \u00ab\u00a0Toi, tu es mon Fils bien-aim\u00e9\u00a0; en toi, je trouve ma joie.\u00a0\u00bb. Et J\u00e9sus commence alors son minist\u00e8re en Galil\u00e9e.\u00a0 Dans le jardin au Mont des oliviers, J\u00e9sus priait\u00a0 juste avant sa Passion. \u00ab\u00a0P\u00e8re, si tu le veux, \u00e9loigne de moi cette coupe\u00a0; cependant, que soit faite non pas ma volont\u00e9, mais la tienne.\u00a0\u00bb Alors, du ciel, lui apparut un ange qui le r\u00e9confortait. Et J\u00e9sus donne sa\u00a0 vie pour que tous les hommes deviennent Fils et Filles de Dieu. Aujourd\u2019hui sur la montagne. Pendant qu\u2019il priait, l\u2019aspect de son visage devint autre, et son v\u00eatement devint d\u2019une blancheur \u00e9blouissante. Et, de la nu\u00e9e, une voix se fit entendre\u00a0: \u00ab\u00a0Celui-ci est mon Fils, celui que j\u2019ai choisi\u00a0: \u00e9coutez-le\u00a0!\u00a0\u00bb. Et J\u00e9sus se met en marche vers J\u00e9rusalem.<\/p>\n<\/div>\n<div>\n<p class=\"Corps\">Dans ce passage que nous venons d\u2019entendre, la communion de J\u00e9sus avec son P\u00e8re devient perceptible pour les 3 disciples choisis qui saisissent quelque chose de la lumi\u00e8re de Dieu. Ils commencent \u00e0 comprendre combien cette communion dont ils ne mesurent pas encore toute l\u2019\u00e9tendue est l\u2019accomplissement de toutes les \u00c9critures, de Mo\u00efse et d\u2019\u00c9lie, du sommeil d\u2019Abraham et de Jacob, de l\u2019alliance du peuple \u00e9lu avec Dieu. Oui en accomplissant les \u00c9critures, le Fils Bien Aim\u00e9, l\u2019\u00e9lu, le choisi fait toute chose nouvelle en faisant de nous ses fr\u00e8res.<\/p>\n<\/div>\n<div>\n<p class=\"Corps\">Les P\u00e8res de l\u2019\u00c9glise ont beaucoup comment\u00e9 ce passage d\u2019\u00c9vangile insistant sur le fait que ce n\u2019est pas J\u00e9sus qui change mais les 3 disciples auxquels il est donn\u00e9 de percevoir quelque chose de la gloire de Dieu qui repose toujours sur le Christ. Ils sont associ\u00e9s \u00e0 sa mission par l\u2019\u00e9coute de sa Parole. \u00ab\u00a0Et pendant que la voix se faisait entendre, il n\u2019y avait plus que J\u00e9sus, seul\u00a0\u00bb.<\/p>\n<\/div>\n<div>\n<p class=\"Corps\">Nous aussi par la foi, il nous est donn\u00e9 de saisir m\u00eame si incompl\u00e8tement que J\u00e9sus est Sauveur, qu\u2019en Lui la gloire de Dieu se manifeste, qu\u2019il est envoy\u00e9 pour le salut de tous les hommes\u00a0 et que nous sommes appel\u00e9s\u00a0 \u00e0 sa suite. Pour nous il n\u2019y a plus que J\u00e9sus seul et c\u2019est lui qu\u2019il convient d\u2019\u00e9couter. C\u2019est lui aussi qu\u2019il convient de servir dans ses mains et dans ses pieds qu\u2019il montrera au soir de la R\u00e9surrection, dans les plus petits de nos fr\u00e8res et soeurs. Nous sommes alors avec lui dans la nu\u00e9e.<\/p>\n<\/div>\n<div>\n<p class=\"Corps\">Demandons la m\u00eame gr\u00e2ce que les trois disciples pour voir la gloire de Dieu dans notre monde.\u00a0 Et prions tous ensemble. Pour nous aussi p\u00e9cheurs, fais briller ta lumi\u00e8re \u00e9ternelle.<\/p>\n<\/div>\n<p>P\u00e8re abb\u00e9 Vladimir<\/p>","protected":false},"excerpt":{"rendered":"<p>Chers Fr\u00e8res et Soeurs, Nous venons d\u2019entendre le r\u00e9cit de la Transfiguration du Sauveur suivant saint Luc. Il y a dans l\u2019\u00c9vangile de Luc 3 passages o\u00f9 nous voyons J\u00e9sus prier et cette pri\u00e8re s\u2019accompagner d\u2019une manifestation soulignant son lien avec le P\u00e8re. Au bord du Jourdain lors de son bapt\u00eame, J\u00e9sus prie, l\u2019Esprit se [&hellip;]<\/p>","protected":false},"author":4,"featured_media":3488,"comment_status":"closed","ping_status":"closed","sticky":false,"template":"","format":"standard","meta":{"_acf_changed":false,"_seopress_robots_primary_cat":"none","_seopress_titles_title":"","_seopress_titles_desc":"","_seopress_robots_index":"","footnotes":""},"categories":[6,5],"tags":[],"class_list":["post-11376","post","type-post","status-publish","format-standard","has-post-thumbnail","hentry","category-fetes-et-dimanches","category-homelie"],"acf":[],"_links":{"self":[{"href":"https:\/\/www.abbayedelerins.com\/en\/wp-json\/wp\/v2\/posts\/11376","targetHints":{"allow":["GET"]}}],"collection":[{"href":"https:\/\/www.abbayedelerins.com\/en\/wp-json\/wp\/v2\/posts"}],"about":[{"href":"https:\/\/www.abbayedelerins.com\/en\/wp-json\/wp\/v2\/types\/post"}],"author":[{"embeddable":true,"href":"https:\/\/www.abbayedelerins.com\/en\/wp-json\/wp\/v2\/users\/4"}],"replies":[{"embeddable":true,"href":"https:\/\/www.abbayedelerins.com\/en\/wp-json\/wp\/v2\/comments?post=11376"}],"version-history":[{"count":1,"href":"https:\/\/www.abbayedelerins.com\/en\/wp-json\/wp\/v2\/posts\/11376\/revisions"}],"predecessor-version":[{"id":11377,"href":"https:\/\/www.abbayedelerins.com\/en\/wp-json\/wp\/v2\/posts\/11376\/revisions\/11377"}],"wp:featuredmedia":[{"embeddable":true,"href":"https:\/\/www.abbayedelerins.com\/en\/wp-json\/wp\/v2\/media\/3488"}],"wp:attachment":[{"href":"https:\/\/www.abbayedelerins.com\/en\/wp-json\/wp\/v2\/media?parent=11376"}],"wp:term":[{"taxonomy":"category","embeddable":true,"href":"https:\/\/www.abbayedelerins.com\/en\/wp-json\/wp\/v2\/categories?post=11376"},{"taxonomy":"post_tag","embeddable":true,"href":"https:\/\/www.abbayedelerins.com\/en\/wp-json\/wp\/v2\/tags?post=11376"}],"curies":[{"name":"wp","href":"https:\/\/api.w.org\/{rel}","templated":true}]}}