{"id":10741,"date":"2025-07-06T09:42:32","date_gmt":"2025-07-06T07:42:32","guid":{"rendered":"https:\/\/www.abbayedelerins.com\/?p=10741"},"modified":"2025-07-08T09:43:10","modified_gmt":"2025-07-08T07:43:10","slug":"homelie-pour-le-14e-dimanche-du-temps-ordinaire","status":"publish","type":"post","link":"https:\/\/www.abbayedelerins.com\/en\/homelie-pour-le-14e-dimanche-du-temps-ordinaire\/","title":{"rendered":"Hom\u00e9lie pour le 14e dimanche du temps ordinaire"},"content":{"rendered":"<p style=\"font-weight: 400;\">Chers fr\u00e8res et s\u0153urs, Jean le Baptiste avait proclam\u00e9 dans le d\u00e9sert de Jud\u00e9e\u00a0: \u00ab\u00a0Convertissez-vous, car le royaume des Cieux est tout proche.\u00a0\u00bb (Mat 3,1-2). Pareillement J\u00e9sus, lorsqu\u2019il quitta Nazareth et vint habiter \u00e0 Capharna\u00fcm, il commen\u00e7a \u00e0 proclamer\u00a0: \u00ab\u00a0Convertissez-vous, car le royaume des Cieux est tout proche.\u00a0\u00bb (Mt 4,13.17). C\u2019\u00e9tait le m\u00eame message\u00a0: \u00ab\u00a0le royaume des Cieux est tout proche\u00a0\u00bb, et la m\u00eame invitation pressante\u00a0: \u00ab\u00a0Convertissez-vous.\u00a0\u00bb<\/p>\n<p style=\"font-weight: 400;\">Et voici que \u2013 comme nous venons de l\u2019entendre \u2013 lorsque parmi les disciples J\u00e9sus en d\u00e9signe encore 72 et les envoie, deux par deux, en avant de lui, en toute ville et localit\u00e9 o\u00f9 lui-m\u00eame allait se rendre, il leur enjoint aussi de dire\u00a0: \u00ab\u00a0Le r\u00e8gne de Dieu s\u2019est approch\u00e9 de vous.\u00a0\u00bb Et ils ne devaient porter ni bourse, ni sac, ni sandales, et ne saluer personne en chemin. Tout cela afin d\u2019\u00eatre libres et afin de ne pas perdre du temps en chemin. C\u2019est dire l\u2019urgence de leur mission. Et dans toute maison o\u00f9 ils entraient ils devaient dire d\u2019abord\u00a0: \u00ab\u00a0Paix \u00e0 cette maison.\u00a0\u00bb<\/p>\n<p style=\"font-weight: 400;\">Nous ne sommes ni Jean le Baptiste, ni non plus les 72 disciples. Et pourtant, lorsqu\u2019\u00e0 la fin de la c\u00e9l\u00e9bration de l\u2019eucharistie nous sommes renvoy\u00e9s dans la paix du Christ, devons-nous proclamer autre chose par notre vie que cela\u00a0: \u00ab\u00a0Le r\u00e8gne de Dieu s\u2019est approch\u00e9 de nous\u00a0\u00bb\u00a0? Et ne porter ni bourse, ni sac, ni sandales et ne saluer personne en chemin, sont pour nous des images de l\u2019urgence, qu\u2019il n\u2019est pas n\u00e9cessaire de prendre au pied de la lettre, bien s\u00fbr, mais que nous devons traduire dans toute notre mani\u00e8re de vivre.<\/p>\n<p style=\"font-weight: 400;\">Quant \u00e0 la salutation\u00a0: \u00ab\u00a0Paix \u00e0 cette maison\u00a0\u00bb, nous devons nous souvenir que \u00ab\u00a0La paix soit avec vous\u00a0\u00bb sera la salutation de J\u00e9sus ressuscit\u00e9 (Lc 24,36\u00a0; Jn 20,19.21.26.) Ainsi lorsque de quelque mani\u00e8re nous disons \u00ab\u00a0Paix \u00e0 cette maison\u00a0\u00bb ou \u00ab\u00a0La paix soit avec vous\u00a0\u00bb, nous faisons n\u00f4tre la salutation de J\u00e9sus ressuscit\u00e9.<\/p>\n<p style=\"font-weight: 400;\">\u00ab\u00a0La paix soit avec vous tous\u00a0!\u00a0\u00bb ont \u00e9t\u00e9 les premi\u00e8res paroles du pape L\u00e9on XIV, lorsqu\u2019apr\u00e8s son \u00e9lection, le 8 mai dernier, il est apparu au balcon de Saint Pierre, et que, gr\u00e2ce aux moyens de communication actuels, nous avons pu entendre directement. Nous pouvons prendre cette salutation du pape L\u00e9on XIV comme un rappel de la parole de J\u00e9sus\u00a0: \u00ab\u00a0Dans toute maison o\u00f9 vous entrerez, dites d\u2019abord\u00a0: \u2018Paix \u00e0 cette maison.\u2019\u00a0\u00bb<\/p>\n<p style=\"font-weight: 400;\">Voici pour nous un programme de vie. Car nous devrions prendre cette parole\u00a0: \u00ab\u00a0Dans toute maison o\u00f9 vous entrerez\u00a0\u00bb, comme une mani\u00e8re de nous dire\u00a0: quoi que vous fassiez, que votre vie dise\u00a0: \u00ab\u00a0Paix \u00e0 cette maison.\u00a0\u00bb En sachant que nous sommes envoy\u00e9s \u00ab\u00a0deux par deux\u00a0\u00bb, c\u2019est-\u00e0-dire non pas chacun pour son compte mais dans l\u2019\u00c9glise, et que nous sommes envoy\u00e9s \u00ab\u00a0en avant de lui, en toute ville et localit\u00e9 o\u00f9 lui-m\u00eame va se rendre.\u00a0\u00bb<\/p>\n<p style=\"font-weight: 400;\">Puisse notre vie annoncer toujours\u00a0: \u00ab\u00a0Le r\u00e8gne de Dieu s\u2019est approch\u00e9 de vous.\u00a0\u00bb<\/p>\n<p style=\"font-weight: 400;\">Fr Bartomeu<\/p>","protected":false},"excerpt":{"rendered":"<p>Chers fr\u00e8res et s\u0153urs, Jean le Baptiste avait proclam\u00e9 dans le d\u00e9sert de Jud\u00e9e\u00a0: \u00ab\u00a0Convertissez-vous, car le royaume des Cieux est tout proche.\u00a0\u00bb (Mat 3,1-2). Pareillement J\u00e9sus, lorsqu\u2019il quitta Nazareth et vint habiter \u00e0 Capharna\u00fcm, il commen\u00e7a \u00e0 proclamer\u00a0: \u00ab\u00a0Convertissez-vous, car le royaume des Cieux est tout proche.\u00a0\u00bb (Mt 4,13.17). C\u2019\u00e9tait le m\u00eame message\u00a0: \u00ab\u00a0le [&hellip;]<\/p>","protected":false},"author":4,"featured_media":3488,"comment_status":"closed","ping_status":"closed","sticky":false,"template":"","format":"standard","meta":{"_acf_changed":false,"_seopress_robots_primary_cat":"none","_seopress_titles_title":"","_seopress_titles_desc":"","_seopress_robots_index":"","footnotes":""},"categories":[5],"tags":[],"class_list":["post-10741","post","type-post","status-publish","format-standard","has-post-thumbnail","hentry","category-homelie"],"acf":[],"_links":{"self":[{"href":"https:\/\/www.abbayedelerins.com\/en\/wp-json\/wp\/v2\/posts\/10741","targetHints":{"allow":["GET"]}}],"collection":[{"href":"https:\/\/www.abbayedelerins.com\/en\/wp-json\/wp\/v2\/posts"}],"about":[{"href":"https:\/\/www.abbayedelerins.com\/en\/wp-json\/wp\/v2\/types\/post"}],"author":[{"embeddable":true,"href":"https:\/\/www.abbayedelerins.com\/en\/wp-json\/wp\/v2\/users\/4"}],"replies":[{"embeddable":true,"href":"https:\/\/www.abbayedelerins.com\/en\/wp-json\/wp\/v2\/comments?post=10741"}],"version-history":[{"count":2,"href":"https:\/\/www.abbayedelerins.com\/en\/wp-json\/wp\/v2\/posts\/10741\/revisions"}],"predecessor-version":[{"id":10743,"href":"https:\/\/www.abbayedelerins.com\/en\/wp-json\/wp\/v2\/posts\/10741\/revisions\/10743"}],"wp:featuredmedia":[{"embeddable":true,"href":"https:\/\/www.abbayedelerins.com\/en\/wp-json\/wp\/v2\/media\/3488"}],"wp:attachment":[{"href":"https:\/\/www.abbayedelerins.com\/en\/wp-json\/wp\/v2\/media?parent=10741"}],"wp:term":[{"taxonomy":"category","embeddable":true,"href":"https:\/\/www.abbayedelerins.com\/en\/wp-json\/wp\/v2\/categories?post=10741"},{"taxonomy":"post_tag","embeddable":true,"href":"https:\/\/www.abbayedelerins.com\/en\/wp-json\/wp\/v2\/tags?post=10741"}],"curies":[{"name":"wp","href":"https:\/\/api.w.org\/{rel}","templated":true}]}}