{"id":10695,"date":"2025-07-01T16:15:50","date_gmt":"2025-07-01T14:15:50","guid":{"rendered":"https:\/\/www.abbayedelerins.com\/?p=10695"},"modified":"2025-07-01T16:26:54","modified_gmt":"2025-07-01T14:26:54","slug":"saint-pierre-et-saint-paul-29-juin","status":"publish","type":"post","link":"https:\/\/www.abbayedelerins.com\/en\/saint-pierre-et-saint-paul-29-juin\/","title":{"rendered":"Saint Pierre et Saint Paul &#8211; 29 juin"},"content":{"rendered":"<p style=\"font-weight: 400;\">Dear Brothers and Sisters,<\/p>\n<p style=\"font-weight: 400;\">\u00ab\u00a0Tu es le Christ, le Fils du Dieu vivant\u00a0\u00bb venons nous d\u2019entendre Simon Pierre proclamer. Fils de Dieu, dans l\u2019\u00c9vangile de Mathieu, d\u2019autres personnages ont d\u00e9j\u00e0 utilis\u00e9 ces mots. Le tentateur par deux fois au d\u00e9sert sous un mode interrogatif pour mettre J\u00e9sus \u00e0 l\u2019\u00e9preuve\u00a0: \u00ab\u00a0Si tu es Fils de Dieu\u00a0\u00bb et les deux d\u00e9moniaques de Gadara\u00a0presque sous la forme d\u2019un reproche: \u00ab\u00a0Que nous veux-tu Fils de Dieu\u00a0? Es tu venu ici pour nous tourmenter avant le temps\u00a0?\u00a0\u00bb. Une autre fois alors que J\u00e9sus avait march\u00e9 sur les eaux et calm\u00e9 la temp\u00eate, les disciples qui \u00e9taient dans la barque se prostern\u00e8rent devant lui en disant\u00a0: \u00ab\u00a0Vraiment tu es Fils de Dieu\u00a0\u00bb. Mais ils n\u2019\u00e9taient attentifs qu\u2019\u00e0 la puissance et non \u00e0 la personne. Les mots de Pierre, au contraire, sont \u00e0 la fois une r\u00e9ponse \u00e0 une question du Sauveur sur sa personne et une preuve de foi, cette foi qui est un don de Dieu. Le Seigneur avait appel\u00e9 Pierre avec son fr\u00e8re alors qu\u2019il \u00e9tait en train de p\u00eacher dans la mer de Galil\u00e9e, cette question qu\u2019il lui pose ainsi qu\u2019aux autres disciples\u00a0: \u00ab\u00a0Qui suis-je\u00a0?\u00a0\u00bb est, pour Simon qui est le seul \u00e0 r\u00e9pondre comme un deuxi\u00e8me appel. La r\u00e9ponse \u00e0 cette question \u00e0 savoir que le Fils de l\u2019homme est le Christ, le Fils du Dieu Vivant, cette r\u00e9ponse qui est un don re\u00e7u du P\u00e8re transforme Simon qui re\u00e7oit un nouveau nom et devient aussi Pierre. Il est le roc, lui cet homme fragile qui dans quelques lignes sera rabrou\u00e9 par le Christ, lui qui le reniera par 3 fois. Il est le roc sur lequel le Christ construira son \u00c9glise. Car c\u2019est bien le Christ et non Pierre qui construit l\u2019\u00c9glise. Le seul pilier de l\u2019\u00c9glise, c\u2019est la foi en J\u00e9sus Christ, c\u2019est la reconnaissance qu\u2019il est le Fils du Dieu Vivant, le Christ venu pour sauver tous les hommes. Pierre n\u2019a plus qu\u2019\u00e0 se laisser conduire par des chemins nouveaux. C\u2019est ce que nous avons entendu dans la premi\u00e8re lecture tir\u00e9e des Actes des Ap\u00f4tres. Si Pierre est lib\u00e9r\u00e9 miraculeusement c\u2019est parce que le monde a besoin de lui comme roc sur lequel le Christ construit l\u2019\u00c9glise.<\/p>\n<p style=\"font-weight: 400;\">C\u2019est exactement la m\u00eame histoire, le m\u00eame lien avec la personne du Christ, la m\u00eame foi que Paul raconte, d\u00e9crit et proclame lorsqu\u2019il \u00e9crit\u00a0: \u00ab\u00a0Le Seigneur, lui, m\u2019a assist\u00e9. Il m\u2019a rempli de force pour que, par moi, la proclamation de l\u2019\u00c9vangile s\u2019accomplisse jusqu\u2019au bout et que toutes les nations l\u2019entendent. J\u2019ai \u00e9t\u00e9 arrach\u00e9 \u00e0 la gueule du lion\u00a0\u00bb. Pour Paul, il suffit d\u2019attendre tout de Dieu. C\u2019est lui qui donne la force de courir et c\u2019est lui qui donne la r\u00e9compense, \u00e0 lui Paul, qui a commenc\u00e9 par pers\u00e9cuter les chr\u00e9tiens avant que le Christ ne se manifeste \u00e0 lui. \u00a0C\u2019est ce dont il t\u00e9moigne\u00a0: \u00ab\u00a0 J\u2019ai men\u00e9 le bon combat, j\u2019ai achev\u00e9 ma course, j\u2019ai gard\u00e9 la foi\u00a0\u00bb.<\/p>\n<p style=\"font-weight: 400;\">Dear Brothers and Sisters,<\/p>\n<p style=\"font-weight: 400;\">Aujourd\u2019hui, nous f\u00eatons les deux colonnes de l\u2019\u00c9glise selon une expression traditionnelle. Ils sont colonnes parce que choisis, parce qu\u2019appel\u00e9s et parce qu\u2019ayant r\u00e9pondu jusqu\u2019au don de leur vie \u00e0 cet appel.<\/p>\n<p style=\"font-weight: 400;\">Mais nous aussi chacun d\u2019une mani\u00e8re unique, nous sommes appel\u00e9s pour avoir notre place unique dans cette demeure universelle qu\u2019est l\u2019\u00c9glise construite par le Christ. Pierre et Paul nous montrent le chemin et nous pouvons nous appuyer sur leur pri\u00e8re.<\/p>\n<p style=\"font-weight: 400;\">P\u00e8re Abb\u00e9 Vladimir<\/p>","protected":false},"excerpt":{"rendered":"<p>Chers Fr\u00e8res et S\u0153urs, \u00ab\u00a0Tu es le Christ, le Fils du Dieu vivant\u00a0\u00bb venons nous d\u2019entendre Simon Pierre proclamer. Fils de Dieu, dans l\u2019\u00c9vangile de Mathieu, d\u2019autres personnages ont d\u00e9j\u00e0 utilis\u00e9 ces mots. Le tentateur par deux fois au d\u00e9sert sous un mode interrogatif pour mettre J\u00e9sus \u00e0 l\u2019\u00e9preuve\u00a0: \u00ab\u00a0Si tu es Fils de Dieu\u00a0\u00bb [&hellip;]<\/p>","protected":false},"author":4,"featured_media":3488,"comment_status":"closed","ping_status":"closed","sticky":false,"template":"","format":"standard","meta":{"_acf_changed":false,"_seopress_robots_primary_cat":"none","_seopress_titles_title":"","_seopress_titles_desc":"","_seopress_robots_index":"","footnotes":""},"categories":[5],"tags":[],"class_list":["post-10695","post","type-post","status-publish","format-standard","has-post-thumbnail","hentry","category-homelie"],"acf":[],"_links":{"self":[{"href":"https:\/\/www.abbayedelerins.com\/en\/wp-json\/wp\/v2\/posts\/10695","targetHints":{"allow":["GET"]}}],"collection":[{"href":"https:\/\/www.abbayedelerins.com\/en\/wp-json\/wp\/v2\/posts"}],"about":[{"href":"https:\/\/www.abbayedelerins.com\/en\/wp-json\/wp\/v2\/types\/post"}],"author":[{"embeddable":true,"href":"https:\/\/www.abbayedelerins.com\/en\/wp-json\/wp\/v2\/users\/4"}],"replies":[{"embeddable":true,"href":"https:\/\/www.abbayedelerins.com\/en\/wp-json\/wp\/v2\/comments?post=10695"}],"version-history":[{"count":2,"href":"https:\/\/www.abbayedelerins.com\/en\/wp-json\/wp\/v2\/posts\/10695\/revisions"}],"predecessor-version":[{"id":10697,"href":"https:\/\/www.abbayedelerins.com\/en\/wp-json\/wp\/v2\/posts\/10695\/revisions\/10697"}],"wp:featuredmedia":[{"embeddable":true,"href":"https:\/\/www.abbayedelerins.com\/en\/wp-json\/wp\/v2\/media\/3488"}],"wp:attachment":[{"href":"https:\/\/www.abbayedelerins.com\/en\/wp-json\/wp\/v2\/media?parent=10695"}],"wp:term":[{"taxonomy":"category","embeddable":true,"href":"https:\/\/www.abbayedelerins.com\/en\/wp-json\/wp\/v2\/categories?post=10695"},{"taxonomy":"post_tag","embeddable":true,"href":"https:\/\/www.abbayedelerins.com\/en\/wp-json\/wp\/v2\/tags?post=10695"}],"curies":[{"name":"wp","href":"https:\/\/api.w.org\/{rel}","templated":true}]}}