{"id":1005,"date":"2024-11-20T11:55:02","date_gmt":"2024-11-20T10:55:02","guid":{"rendered":"https:\/\/www.abbayedelerins.com\/?p=1005"},"modified":"2024-12-21T13:41:44","modified_gmt":"2024-12-21T12:41:44","slug":"14-septembre-exaltation-de-la-sainte-croix-et-benediction-des-cloches-homelie-du-p-abbe-vladimir","status":"publish","type":"post","link":"https:\/\/www.abbayedelerins.com\/en\/14-septembre-exaltation-de-la-sainte-croix-et-benediction-des-cloches-homelie-du-p-abbe-vladimir\/","title":{"rendered":"14 September, Exaltation of the Holy Cross and blessing of the bells, homily by Fr."},"content":{"rendered":"<p>La f\u00eate que nous c\u00e9l\u00e9brons aujourd\u2019hui nous montre le renversement des valeurs que J\u00e9sus, le Christ, le Fils de L\u2019homme fait entrer dans le monde par sa mort et sa r\u00e9surrection dont la Croix est le signe. Pour l\u2019empire romain, la croix est d\u2019abord un instrument de torture terrifiant par sa violence. Les premiers chr\u00e9tiens, au temps des pers\u00e9cutions, ne commenceront \u00e0 la repr\u00e9senter que de mani\u00e8re allusive. Elle est l\u2019ancre marine que l\u2019on trouve sur certains tombeaux dans les catacombes signifiant le repos de l\u2019\u00e2me arriv\u00e9 \u00e0 bon port en dessinant d\u00e9j\u00e0 la forme de la croix. Elle deviendra ensuite arbre de vie, signe de l\u2019amour de Dieu dont on trouve la trace dans tout le cosmos ce qui lui donne pleinement son sens diront certains P\u00e8res de l\u2019\u00c9glise. \u00ab La croix est sem\u00e9 partout dans l\u2019univers \u00bb dit une hom\u00e9lie du troisi\u00e8me si\u00e8cle. Cette croix, nous la retrouvons sur une des deux cloches que nous allons b\u00e9nir \u00e0 la fin de notre c\u00e9l\u00e9bration, cloche destin\u00e9e \u00e0 la chapelle Sainte Croix portant grav\u00e9e sur elle un passage de l\u2019\u00c9vangile de Jean \u00e9voquant celui que nous venons d\u2019entendre : \u00ab Quand j\u2019aurai \u00e9t\u00e9 \u00e9lev\u00e9 de terre, j\u2019attirerai \u00e0 moi tous les hommes \u00bb.<br \/>\n\u00ab Le Christ s\u2019est abaiss\u00e9 devenant ob\u00e9issant jusqu\u2019\u00e0 la mort de la Croix, c\u2019est pourquoi Dieu l\u2019a exalt\u00e9 \u00bb nous dit la lettre aux Philippiens et c\u2019est dans ce myst\u00e8re que nous est donn\u00e9 la preuve que Dieu a envoy\u00e9 son Fils dans le monde, non pour le juger mais afin, que, par lui, le monde soit sauv\u00e9. Et c\u2019est une bonne nouvelle pour chacun d\u2019entre nous car tous nous avons besoin d\u2019\u00eatre pardonn\u00e9s et sauv\u00e9s.<br \/>\nCe n\u2019est que plus tard que les chr\u00e9tiens commenceront \u00e0 repr\u00e9senter sur la Croix, le Christ dans son humanit\u00e9 par laquelle il est descendu jusqu\u2019\u00e0 nous. C\u2019est le cas du crucifix cistercien qui se trouve dans l\u2019abside de cette \u00e9glise comme pour celui de Saint Damien devant lequel Saint Fran\u00e7ois d\u2019Assise pria et o\u00f9 il re\u00e7ut mission de reconstruire l\u2019\u00e9glise qui tombait en ruine. Croire au Fils de l\u2019homme, celui qui est descendu pour nous sauver, c\u2019est croire au crucifi\u00e9 celui qui du haut de la Croix comme celui que nous contemplons ce matin entour\u00e9 de lumi\u00e8re nous tend les bras comme en souriant dans le salut qu\u2019il nous accorde. Et ce salut n\u2019est pas le fruit de nos efforts, de m\u00e9rites que nous aurions gagn\u00e9 \u00e0 la force du poignet, il est un don gratuit qui fait que le jugement devient salut.<\/p>\n<p>C\u2019est ce salut, qu\u2019en sonnant, les cloches que nous allons b\u00e9nir nous rappellent. La croix est pour nous une invitation malgr\u00e9 nos limites et nos faiblesses \u00e0 nous engager pour \u00eatre des signes de salut, pour reconstruire chacun \u00e0 notre mani\u00e8re et \u00e0 notre place notre monde qui en a tant besoin. Le don gratuit du salut nous \u00e9tablit dans la paix. La Croix est comme un pont nous aidant \u00e0 surmonter toutes nos divisions, toutes les fronti\u00e8res qui nous s\u00e9parent.<br \/>\nPar le signe de la Croix, demandons la paix .<\/p>","protected":false},"excerpt":{"rendered":"<p>La f\u00eate que nous c\u00e9l\u00e9brons aujourd\u2019hui nous montre le renversement des valeurs que J\u00e9sus, le Christ, le Fils de L\u2019homme fait entrer dans le monde par sa mort et sa r\u00e9surrection dont la Croix est le signe. Pour l\u2019empire romain, la croix est d\u2019abord un instrument de torture terrifiant par sa violence. Les premiers chr\u00e9tiens, [&hellip;]<\/p>","protected":false},"author":3,"featured_media":3488,"comment_status":"closed","ping_status":"closed","sticky":false,"template":"","format":"standard","meta":{"_acf_changed":false,"_seopress_robots_primary_cat":"none","_seopress_titles_title":"","_seopress_titles_desc":"","_seopress_robots_index":"","footnotes":""},"categories":[6,5],"tags":[],"class_list":["post-1005","post","type-post","status-publish","format-standard","has-post-thumbnail","hentry","category-fetes-et-dimanches","category-homelie"],"acf":[],"_links":{"self":[{"href":"https:\/\/www.abbayedelerins.com\/en\/wp-json\/wp\/v2\/posts\/1005","targetHints":{"allow":["GET"]}}],"collection":[{"href":"https:\/\/www.abbayedelerins.com\/en\/wp-json\/wp\/v2\/posts"}],"about":[{"href":"https:\/\/www.abbayedelerins.com\/en\/wp-json\/wp\/v2\/types\/post"}],"author":[{"embeddable":true,"href":"https:\/\/www.abbayedelerins.com\/en\/wp-json\/wp\/v2\/users\/3"}],"replies":[{"embeddable":true,"href":"https:\/\/www.abbayedelerins.com\/en\/wp-json\/wp\/v2\/comments?post=1005"}],"version-history":[{"count":1,"href":"https:\/\/www.abbayedelerins.com\/en\/wp-json\/wp\/v2\/posts\/1005\/revisions"}],"predecessor-version":[{"id":1008,"href":"https:\/\/www.abbayedelerins.com\/en\/wp-json\/wp\/v2\/posts\/1005\/revisions\/1008"}],"wp:featuredmedia":[{"embeddable":true,"href":"https:\/\/www.abbayedelerins.com\/en\/wp-json\/wp\/v2\/media\/3488"}],"wp:attachment":[{"href":"https:\/\/www.abbayedelerins.com\/en\/wp-json\/wp\/v2\/media?parent=1005"}],"wp:term":[{"taxonomy":"category","embeddable":true,"href":"https:\/\/www.abbayedelerins.com\/en\/wp-json\/wp\/v2\/categories?post=1005"},{"taxonomy":"post_tag","embeddable":true,"href":"https:\/\/www.abbayedelerins.com\/en\/wp-json\/wp\/v2\/tags?post=1005"}],"curies":[{"name":"wp","href":"https:\/\/api.w.org\/{rel}","templated":true}]}}